{"id":23048,"date":"2025-09-03T06:03:17","date_gmt":"2025-09-03T06:03:17","guid":{"rendered":"https:\/\/jgili.com\/la-evolucion-de-la-tecnologia-de-la-comunicacion-de-los-cables-a-las-redes-inalambricas\/"},"modified":"2025-11-14T10:41:54","modified_gmt":"2025-11-14T10:41:54","slug":"la-evolucion-de-la-tecnologia-de-la-comunicacion-de-los-cables-a-las-redes-inalambricas","status":"publish","type":"post","link":"https:\/\/jgili.com\/es\/la-evolucion-de-la-tecnologia-de-la-comunicacion-de-los-cables-a-las-redes-inalambricas\/","title":{"rendered":"La evoluci\u00f3n de la tecnolog\u00eda de la comunicaci\u00f3n: de los cables a las redes inal\u00e1mbricas"},"content":{"rendered":"\n<p>La evoluci\u00f3n de la tecnolog\u00eda en el campo de las telecomunicaciones ha sido uno de los principales motores del desarrollo econ\u00f3mico y social durante el \u00faltimo siglo. Lo que comenz\u00f3 con simples l\u00edneas telegr\u00e1ficas ha dado paso a sofisticadas redes de fibra \u00f3ptica y, m\u00e1s recientemente, a sistemas inal\u00e1mbricos capaces de conectar millones de dispositivos simult\u00e1neamente en tiempo real. <\/p>\n\n<p>Este progreso no solo ha cambiado nuestra forma de comunicarnos, sino que tambi\u00e9n ha transformado radicalmente sectores como la industria, la educaci\u00f3n, la sanidad y la log\u00edstica. En este art\u00edculo, repasamos los hitos clave de esta evoluci\u00f3n, desde los primeros cables hasta las soluciones inal\u00e1mbricas actuales. <\/p>\n\n<p><\/p>\n\n<h2 class=\"wp-block-heading\"><strong>Or\u00edgenes: comunicaci\u00f3n por cable<\/strong><\/h2>\n\n<figure class=\"wp-block-image size-large\"><img fetchpriority=\"high\" decoding=\"async\" width=\"1024\" height=\"682\" src=\"https:\/\/jgili.com\/wp-content\/uploads\/2025\/10\/the-evolution-of-communication-2-1024x682.webp\" alt=\"La evoluci&#xF3;n de la tecnolog&#xED;a en el campo de las telecomunicaciones ha sido uno de los motores clave del desarrollo econ&#xF3;mico y social durante el &#xFA;ltimo siglo.\" class=\"wp-image-22313\" srcset=\"https:\/\/jgili.com\/wp-content\/uploads\/2025\/10\/the-evolution-of-communication-2-1024x682.webp 1024w, https:\/\/jgili.com\/wp-content\/uploads\/2025\/10\/the-evolution-of-communication-2-300x200.webp 300w, https:\/\/jgili.com\/wp-content\/uploads\/2025\/10\/the-evolution-of-communication-2-768x512.webp 768w, https:\/\/jgili.com\/wp-content\/uploads\/2025\/10\/the-evolution-of-communication-2-18x12.webp 18w, https:\/\/jgili.com\/wp-content\/uploads\/2025\/10\/the-evolution-of-communication-2-370x246.webp 370w, https:\/\/jgili.com\/wp-content\/uploads\/2025\/10\/the-evolution-of-communication-2-840x560.webp 840w, https:\/\/jgili.com\/wp-content\/uploads\/2025\/10\/the-evolution-of-communication-2-410x273.webp 410w, https:\/\/jgili.com\/wp-content\/uploads\/2025\/10\/the-evolution-of-communication-2.webp 1300w\" sizes=\"(max-width: 1024px) 100vw, 1024px\" \/><\/figure>\n\n<p>A mediados del siglo XIX, la invenci\u00f3n del tel\u00e9grafo marc\u00f3 el inicio de las comunicaciones el\u00e9ctricas. Poco despu\u00e9s, el tel\u00e9fono represent\u00f3 el siguiente gran avance, lo que impuls\u00f3 la instalaci\u00f3n masiva de cables de cobre para la transmisi\u00f3n de voz. <\/p>\n\n<p>Durante d\u00e9cadas, las redes de comunicaci\u00f3n dependieron exclusivamente de cables met\u00e1licos. Si bien ofrec\u00edan estabilidad, su velocidad, capacidad y alcance eran limitados. Para mantener la integridad del servicio, se desarrollaron soluciones como cables multipares, cintas aislantes y, posteriormente, componentes t\u00e9cnicos como rellenos, cordones de desgarro o cintas impermeables; muchos de los cuales todav\u00eda se utilizan hoy en d\u00eda en aplicaciones cr\u00edticas.  <\/p>\n\n<p><\/p>\n\n<h3 class=\"wp-block-heading\"><strong>La llegada de la fibra \u00f3ptica<\/strong><\/h3>\n\n<p>Uno de los mayores avances en la tecnolog\u00eda de las comunicaciones fue la introducci\u00f3n de la fibra \u00f3ptica. A partir de las d\u00e9cadas de 1970 y 1980, esta tecnolog\u00eda permiti\u00f3 una transmisi\u00f3n de datos m\u00e1s r\u00e1pida y n\u00edtida, con menos p\u00e9rdidas. <\/p>\n\n<p>A diferencia del cobre, la <strong><a href=\"https:\/\/jgili.com\/es\/cables-de-fibra-optica\/\">fibra \u00f3ptica<\/a><\/strong> utiliza pulsos de luz para transmitir informaci\u00f3n, lo que permite velocidades mucho mayores y distancias m\u00e1s largas sin degradaci\u00f3n. Su uso se extendi\u00f3 r\u00e1pidamente a las redes troncales, los centros de datos y los proveedores de telecomunicaciones. <\/p>\n\n<p>Hoy en d\u00eda, la fibra \u00f3ptica sigue siendo fundamental para las redes modernas, tanto residenciales como industriales.<\/p>\n\n<p><\/p>\n\n<h3 class=\"wp-block-heading\"><strong>Revoluci\u00f3n inal\u00e1mbrica: del WiFi al 5G<\/strong><\/h3>\n\n<p>El siguiente gran cambio se produjo con el desarrollo de las tecnolog\u00edas inal\u00e1mbricas. Desde el WiFi dom\u00e9stico hasta las redes m\u00f3viles (2G, 3G, 4G y ahora 5G), hemos presenciado una profunda transformaci\u00f3n en la forma en que nos conectamos. <\/p>\n\n<p>Con la llegada del 5G, la capacidad de los dispositivos conectados se multiplic\u00f3 y la latencia se redujo dr\u00e1sticamente. Esto permite nuevos escenarios como las ciudades inteligentes, los veh\u00edculos aut\u00f3nomos y las aplicaciones industriales en tiempo real (IoT industrial). <\/p>\n\n<p>A pesar del predominio de las soluciones inal\u00e1mbricas, los cables siguen siendo esenciales en la infraestructura subyacente de estas redes. Por ejemplo, las antenas 5G se interconectan con los centros de datos mediante cables de fibra \u00f3ptica y componentes textiles reforzados que fortalecen la estructura del sistema. <\/p>\n\n<p><\/p>\n\n<h2 class=\"wp-block-heading\"><strong>Tendencias actuales y futuras<\/strong><\/h2>\n\n<p>La evoluci\u00f3n contin\u00faa hacia una conectividad m\u00e1s r\u00e1pida, eficiente y sostenible. Algunas de las tendencias m\u00e1s destacadas incluyen: <\/p>\n\n<ul class=\"wp-block-list\">\n<li><strong>Redes h\u00edbridas <\/strong>que combinan soluciones de fibra \u00f3ptica e inal\u00e1mbricas<br\/><\/li>\n\n\n\n<li><strong>Tecnolog\u00edas Li-Fi <\/strong>(comunicaci\u00f3n basada en luz)<br\/><\/li>\n\n\n\n<li><strong>Integraci\u00f3n de la IA<\/strong> en la gesti\u00f3n del tr\u00e1fico de datos<br\/><\/li>\n\n\n\n<li><strong>Componentes textiles inteligentes<\/strong> para cables m\u00e1s ligeros, resistentes y sostenibles<br\/><\/li>\n\n\n\n<li><strong>Alimentaci\u00f3n y datos por el mismo cable <\/strong>(PoE \u2013 Alimentaci\u00f3n a trav\u00e9s de Ethernet)<br\/><\/li>\n<\/ul>\n\n<p>Estas innovaciones requieren una base f\u00edsica s\u00f3lida y eficiente. Por eso, aunque los dispositivos son cada vez m\u00e1s inal\u00e1mbricos, los cables siguen evolucionando, volvi\u00e9ndose m\u00e1s funcionales, seguros y mejor adaptados a nuevos entornos. <\/p>\n\n<p>La evoluci\u00f3n de la tecnolog\u00eda de la comunicaci\u00f3n ha sido asombrosa: desde los r\u00edgidos cables de cobre hasta los sistemas inal\u00e1mbricos que abarcan continentes. Sin embargo, cada etapa se ha basado en una infraestructura s\u00f3lida, donde los componentes pasivos \u2014como cables, rellenos, cintas y conexiones t\u00e9cnicas\u2014 han desempe\u00f1ado un papel silencioso pero vital. <\/p>\n","protected":false},"excerpt":{"rendered":"<p>La evoluci\u00f3n de la tecnolog\u00eda en el campo de las telecomunicaciones ha sido uno de los principales motores del desarrollo econ\u00f3mico y social durante el \u00faltimo siglo. Lo que comenz\u00f3&hellip;<\/p>\n","protected":false},"author":2,"featured_media":23045,"comment_status":"open","ping_status":"open","sticky":false,"template":"","format":"standard","meta":{"footnotes":""},"categories":[225],"tags":[],"class_list":["post-23048","post","type-post","status-publish","format-standard","has-post-thumbnail","hentry","category-blog"],"yoast_head":"<!-- This site is optimized with the Yoast SEO plugin v27.3 - https:\/\/yoast.com\/product\/yoast-seo-wordpress\/ -->\n<title>La evoluci\u00f3n de la comunicaci\u00f3n: de los cables al 5G<\/title>\n<meta name=\"description\" content=\"Descubre la evoluci\u00f3n de la comunicaci\u00f3n: desde los cables telegr\u00e1ficos hasta las redes inal\u00e1mbricas 5G que transforman industrias y conectan el mundo moderno.\" \/>\n<meta name=\"robots\" content=\"index, follow, max-snippet:-1, max-image-preview:large, max-video-preview:-1\" \/>\n<link rel=\"canonical\" href=\"https:\/\/jgili.com\/es\/la-evolucion-de-la-tecnologia-de-la-comunicacion-de-los-cables-a-las-redes-inalambricas\/\" \/>\n<meta property=\"og:locale\" content=\"es_ES\" \/>\n<meta property=\"og:type\" content=\"article\" \/>\n<meta property=\"og:title\" content=\"La evoluci\u00f3n de la comunicaci\u00f3n: de los cables al 5G\" \/>\n<meta property=\"og:description\" content=\"Descubre la evoluci\u00f3n de la comunicaci\u00f3n: desde los cables telegr\u00e1ficos hasta las redes inal\u00e1mbricas 5G que transforman industrias y conectan el mundo moderno.\" \/>\n<meta property=\"og:url\" content=\"https:\/\/jgili.com\/es\/la-evolucion-de-la-tecnologia-de-la-comunicacion-de-los-cables-a-las-redes-inalambricas\/\" \/>\n<meta property=\"og:site_name\" content=\"JGILI.com\" \/>\n<meta property=\"article:published_time\" content=\"2025-09-03T06:03:17+00:00\" \/>\n<meta property=\"article:modified_time\" content=\"2025-11-14T10:41:54+00:00\" \/>\n<meta property=\"og:image\" content=\"https:\/\/jgili.com\/wp-content\/uploads\/2025\/10\/the-evolution-of-communication-1.webp\" \/>\n\t<meta property=\"og:image:width\" content=\"1300\" \/>\n\t<meta property=\"og:image:height\" content=\"866\" \/>\n\t<meta property=\"og:image:type\" content=\"image\/webp\" \/>\n<meta name=\"author\" content=\"Admin\" \/>\n<meta name=\"twitter:card\" content=\"summary_large_image\" \/>\n<meta name=\"twitter:label1\" content=\"Escrito por\" \/>\n\t<meta name=\"twitter:data1\" content=\"Admin\" \/>\n\t<meta name=\"twitter:label2\" content=\"Tiempo de lectura\" \/>\n\t<meta name=\"twitter:data2\" content=\"3 minutos\" \/>\n<script type=\"application\/ld+json\" class=\"yoast-schema-graph\">{\"@context\":\"https:\\\/\\\/schema.org\",\"@graph\":[{\"@type\":\"Article\",\"@id\":\"https:\\\/\\\/jgili.com\\\/es\\\/la-evolucion-de-la-tecnologia-de-la-comunicacion-de-los-cables-a-las-redes-inalambricas\\\/#article\",\"isPartOf\":{\"@id\":\"https:\\\/\\\/jgili.com\\\/es\\\/la-evolucion-de-la-tecnologia-de-la-comunicacion-de-los-cables-a-las-redes-inalambricas\\\/\"},\"author\":{\"name\":\"Admin\",\"@id\":\"https:\\\/\\\/jgili.com\\\/es\\\/#\\\/schema\\\/person\\\/81eee0acb789fa0b8f9d9287cfbea475\"},\"headline\":\"La evoluci\u00f3n de la tecnolog\u00eda de la comunicaci\u00f3n: de los cables a las redes inal\u00e1mbricas\",\"datePublished\":\"2025-09-03T06:03:17+00:00\",\"dateModified\":\"2025-11-14T10:41:54+00:00\",\"mainEntityOfPage\":{\"@id\":\"https:\\\/\\\/jgili.com\\\/es\\\/la-evolucion-de-la-tecnologia-de-la-comunicacion-de-los-cables-a-las-redes-inalambricas\\\/\"},\"wordCount\":710,\"commentCount\":0,\"publisher\":{\"@id\":\"https:\\\/\\\/jgili.com\\\/es\\\/#organization\"},\"image\":{\"@id\":\"https:\\\/\\\/jgili.com\\\/es\\\/la-evolucion-de-la-tecnologia-de-la-comunicacion-de-los-cables-a-las-redes-inalambricas\\\/#primaryimage\"},\"thumbnailUrl\":\"https:\\\/\\\/jgili.com\\\/wp-content\\\/uploads\\\/2025\\\/10\\\/the-evolution-of-communication-1.webp\",\"articleSection\":[\"Blog\"],\"inLanguage\":\"es\",\"potentialAction\":[{\"@type\":\"CommentAction\",\"name\":\"Comment\",\"target\":[\"https:\\\/\\\/jgili.com\\\/es\\\/la-evolucion-de-la-tecnologia-de-la-comunicacion-de-los-cables-a-las-redes-inalambricas\\\/#respond\"]}]},{\"@type\":\"WebPage\",\"@id\":\"https:\\\/\\\/jgili.com\\\/es\\\/la-evolucion-de-la-tecnologia-de-la-comunicacion-de-los-cables-a-las-redes-inalambricas\\\/\",\"url\":\"https:\\\/\\\/jgili.com\\\/es\\\/la-evolucion-de-la-tecnologia-de-la-comunicacion-de-los-cables-a-las-redes-inalambricas\\\/\",\"name\":\"La evoluci\u00f3n de la comunicaci\u00f3n: de los cables al 5G\",\"isPartOf\":{\"@id\":\"https:\\\/\\\/jgili.com\\\/es\\\/#website\"},\"primaryImageOfPage\":{\"@id\":\"https:\\\/\\\/jgili.com\\\/es\\\/la-evolucion-de-la-tecnologia-de-la-comunicacion-de-los-cables-a-las-redes-inalambricas\\\/#primaryimage\"},\"image\":{\"@id\":\"https:\\\/\\\/jgili.com\\\/es\\\/la-evolucion-de-la-tecnologia-de-la-comunicacion-de-los-cables-a-las-redes-inalambricas\\\/#primaryimage\"},\"thumbnailUrl\":\"https:\\\/\\\/jgili.com\\\/wp-content\\\/uploads\\\/2025\\\/10\\\/the-evolution-of-communication-1.webp\",\"datePublished\":\"2025-09-03T06:03:17+00:00\",\"dateModified\":\"2025-11-14T10:41:54+00:00\",\"description\":\"Descubre la evoluci\u00f3n de la comunicaci\u00f3n: desde los cables telegr\u00e1ficos hasta las redes inal\u00e1mbricas 5G que transforman industrias y conectan el mundo moderno.\",\"breadcrumb\":{\"@id\":\"https:\\\/\\\/jgili.com\\\/es\\\/la-evolucion-de-la-tecnologia-de-la-comunicacion-de-los-cables-a-las-redes-inalambricas\\\/#breadcrumb\"},\"inLanguage\":\"es\",\"potentialAction\":[{\"@type\":\"ReadAction\",\"target\":[\"https:\\\/\\\/jgili.com\\\/es\\\/la-evolucion-de-la-tecnologia-de-la-comunicacion-de-los-cables-a-las-redes-inalambricas\\\/\"]}]},{\"@type\":\"ImageObject\",\"inLanguage\":\"es\",\"@id\":\"https:\\\/\\\/jgili.com\\\/es\\\/la-evolucion-de-la-tecnologia-de-la-comunicacion-de-los-cables-a-las-redes-inalambricas\\\/#primaryimage\",\"url\":\"https:\\\/\\\/jgili.com\\\/wp-content\\\/uploads\\\/2025\\\/10\\\/the-evolution-of-communication-1.webp\",\"contentUrl\":\"https:\\\/\\\/jgili.com\\\/wp-content\\\/uploads\\\/2025\\\/10\\\/the-evolution-of-communication-1.webp\",\"width\":1300,\"height\":866,\"caption\":\"La evoluci\u00f3n de la tecnolog\u00eda de la comunicaci\u00f3n ha sido asombrosa: desde los r\u00edgidos cables de cobre hasta los sistemas inal\u00e1mbricos que abarcan continentes.\"},{\"@type\":\"BreadcrumbList\",\"@id\":\"https:\\\/\\\/jgili.com\\\/es\\\/la-evolucion-de-la-tecnologia-de-la-comunicacion-de-los-cables-a-las-redes-inalambricas\\\/#breadcrumb\",\"itemListElement\":[{\"@type\":\"ListItem\",\"position\":1,\"name\":\"Home\",\"item\":\"https:\\\/\\\/jgili.com\\\/es\\\/home\\\/\"},{\"@type\":\"ListItem\",\"position\":2,\"name\":\"La evoluci\u00f3n de la tecnolog\u00eda de la comunicaci\u00f3n: de los cables a las redes inal\u00e1mbricas\"}]},{\"@type\":\"WebSite\",\"@id\":\"https:\\\/\\\/jgili.com\\\/es\\\/#website\",\"url\":\"https:\\\/\\\/jgili.com\\\/es\\\/\",\"name\":\"JGILI.com\",\"description\":\"TEXTILE SOLUTIONS FOR TECHNICAL APPLICATIONS\",\"publisher\":{\"@id\":\"https:\\\/\\\/jgili.com\\\/es\\\/#organization\"},\"potentialAction\":[{\"@type\":\"SearchAction\",\"target\":{\"@type\":\"EntryPoint\",\"urlTemplate\":\"https:\\\/\\\/jgili.com\\\/es\\\/?s={search_term_string}\"},\"query-input\":{\"@type\":\"PropertyValueSpecification\",\"valueRequired\":true,\"valueName\":\"search_term_string\"}}],\"inLanguage\":\"es\"},{\"@type\":\"Organization\",\"@id\":\"https:\\\/\\\/jgili.com\\\/es\\\/#organization\",\"name\":\"JGILI.com\",\"url\":\"https:\\\/\\\/jgili.com\\\/es\\\/\",\"logo\":{\"@type\":\"ImageObject\",\"inLanguage\":\"es\",\"@id\":\"https:\\\/\\\/jgili.com\\\/es\\\/#\\\/schema\\\/logo\\\/image\\\/\",\"url\":\"https:\\\/\\\/jgili.com\\\/wp-content\\\/uploads\\\/2021\\\/09\\\/fav_1-1.png\",\"contentUrl\":\"https:\\\/\\\/jgili.com\\\/wp-content\\\/uploads\\\/2021\\\/09\\\/fav_1-1.png\",\"width\":582,\"height\":582,\"caption\":\"JGILI.com\"},\"image\":{\"@id\":\"https:\\\/\\\/jgili.com\\\/es\\\/#\\\/schema\\\/logo\\\/image\\\/\"},\"sameAs\":[\"https:\\\/\\\/www.linkedin.com\\\/company\\\/juan-gili-s-l\\\/\"]},{\"@type\":\"Person\",\"@id\":\"https:\\\/\\\/jgili.com\\\/es\\\/#\\\/schema\\\/person\\\/81eee0acb789fa0b8f9d9287cfbea475\",\"name\":\"Admin\",\"image\":{\"@type\":\"ImageObject\",\"inLanguage\":\"es\",\"@id\":\"https:\\\/\\\/secure.gravatar.com\\\/avatar\\\/4fc8bfdcbcbd62ad2a834387c498485119ecffc2bdc8e7d333571b9d102df898?s=96&d=mm&r=g\",\"url\":\"https:\\\/\\\/secure.gravatar.com\\\/avatar\\\/4fc8bfdcbcbd62ad2a834387c498485119ecffc2bdc8e7d333571b9d102df898?s=96&d=mm&r=g\",\"contentUrl\":\"https:\\\/\\\/secure.gravatar.com\\\/avatar\\\/4fc8bfdcbcbd62ad2a834387c498485119ecffc2bdc8e7d333571b9d102df898?s=96&d=mm&r=g\",\"caption\":\"Admin\"},\"url\":\"https:\\\/\\\/jgili.com\\\/es\\\/author\\\/admin-2\\\/\"}]}<\/script>\n<!-- \/ Yoast SEO plugin. -->","yoast_head_json":{"title":"La evoluci\u00f3n de la comunicaci\u00f3n: de los cables al 5G","description":"Descubre la evoluci\u00f3n de la comunicaci\u00f3n: desde los cables telegr\u00e1ficos hasta las redes inal\u00e1mbricas 5G que transforman industrias y conectan el mundo moderno.","robots":{"index":"index","follow":"follow","max-snippet":"max-snippet:-1","max-image-preview":"max-image-preview:large","max-video-preview":"max-video-preview:-1"},"canonical":"https:\/\/jgili.com\/es\/la-evolucion-de-la-tecnologia-de-la-comunicacion-de-los-cables-a-las-redes-inalambricas\/","og_locale":"es_ES","og_type":"article","og_title":"La evoluci\u00f3n de la comunicaci\u00f3n: de los cables al 5G","og_description":"Descubre la evoluci\u00f3n de la comunicaci\u00f3n: desde los cables telegr\u00e1ficos hasta las redes inal\u00e1mbricas 5G que transforman industrias y conectan el mundo moderno.","og_url":"https:\/\/jgili.com\/es\/la-evolucion-de-la-tecnologia-de-la-comunicacion-de-los-cables-a-las-redes-inalambricas\/","og_site_name":"JGILI.com","article_published_time":"2025-09-03T06:03:17+00:00","article_modified_time":"2025-11-14T10:41:54+00:00","og_image":[{"width":1300,"height":866,"url":"https:\/\/jgili.com\/wp-content\/uploads\/2025\/10\/the-evolution-of-communication-1.webp","type":"image\/webp"}],"author":"Admin","twitter_card":"summary_large_image","twitter_misc":{"Escrito por":"Admin","Tiempo de lectura":"3 minutos"},"schema":{"@context":"https:\/\/schema.org","@graph":[{"@type":"Article","@id":"https:\/\/jgili.com\/es\/la-evolucion-de-la-tecnologia-de-la-comunicacion-de-los-cables-a-las-redes-inalambricas\/#article","isPartOf":{"@id":"https:\/\/jgili.com\/es\/la-evolucion-de-la-tecnologia-de-la-comunicacion-de-los-cables-a-las-redes-inalambricas\/"},"author":{"name":"Admin","@id":"https:\/\/jgili.com\/es\/#\/schema\/person\/81eee0acb789fa0b8f9d9287cfbea475"},"headline":"La evoluci\u00f3n de la tecnolog\u00eda de la comunicaci\u00f3n: de los cables a las redes inal\u00e1mbricas","datePublished":"2025-09-03T06:03:17+00:00","dateModified":"2025-11-14T10:41:54+00:00","mainEntityOfPage":{"@id":"https:\/\/jgili.com\/es\/la-evolucion-de-la-tecnologia-de-la-comunicacion-de-los-cables-a-las-redes-inalambricas\/"},"wordCount":710,"commentCount":0,"publisher":{"@id":"https:\/\/jgili.com\/es\/#organization"},"image":{"@id":"https:\/\/jgili.com\/es\/la-evolucion-de-la-tecnologia-de-la-comunicacion-de-los-cables-a-las-redes-inalambricas\/#primaryimage"},"thumbnailUrl":"https:\/\/jgili.com\/wp-content\/uploads\/2025\/10\/the-evolution-of-communication-1.webp","articleSection":["Blog"],"inLanguage":"es","potentialAction":[{"@type":"CommentAction","name":"Comment","target":["https:\/\/jgili.com\/es\/la-evolucion-de-la-tecnologia-de-la-comunicacion-de-los-cables-a-las-redes-inalambricas\/#respond"]}]},{"@type":"WebPage","@id":"https:\/\/jgili.com\/es\/la-evolucion-de-la-tecnologia-de-la-comunicacion-de-los-cables-a-las-redes-inalambricas\/","url":"https:\/\/jgili.com\/es\/la-evolucion-de-la-tecnologia-de-la-comunicacion-de-los-cables-a-las-redes-inalambricas\/","name":"La evoluci\u00f3n de la comunicaci\u00f3n: de los cables al 5G","isPartOf":{"@id":"https:\/\/jgili.com\/es\/#website"},"primaryImageOfPage":{"@id":"https:\/\/jgili.com\/es\/la-evolucion-de-la-tecnologia-de-la-comunicacion-de-los-cables-a-las-redes-inalambricas\/#primaryimage"},"image":{"@id":"https:\/\/jgili.com\/es\/la-evolucion-de-la-tecnologia-de-la-comunicacion-de-los-cables-a-las-redes-inalambricas\/#primaryimage"},"thumbnailUrl":"https:\/\/jgili.com\/wp-content\/uploads\/2025\/10\/the-evolution-of-communication-1.webp","datePublished":"2025-09-03T06:03:17+00:00","dateModified":"2025-11-14T10:41:54+00:00","description":"Descubre la evoluci\u00f3n de la comunicaci\u00f3n: desde los cables telegr\u00e1ficos hasta las redes inal\u00e1mbricas 5G que transforman industrias y conectan el mundo moderno.","breadcrumb":{"@id":"https:\/\/jgili.com\/es\/la-evolucion-de-la-tecnologia-de-la-comunicacion-de-los-cables-a-las-redes-inalambricas\/#breadcrumb"},"inLanguage":"es","potentialAction":[{"@type":"ReadAction","target":["https:\/\/jgili.com\/es\/la-evolucion-de-la-tecnologia-de-la-comunicacion-de-los-cables-a-las-redes-inalambricas\/"]}]},{"@type":"ImageObject","inLanguage":"es","@id":"https:\/\/jgili.com\/es\/la-evolucion-de-la-tecnologia-de-la-comunicacion-de-los-cables-a-las-redes-inalambricas\/#primaryimage","url":"https:\/\/jgili.com\/wp-content\/uploads\/2025\/10\/the-evolution-of-communication-1.webp","contentUrl":"https:\/\/jgili.com\/wp-content\/uploads\/2025\/10\/the-evolution-of-communication-1.webp","width":1300,"height":866,"caption":"La evoluci\u00f3n de la tecnolog\u00eda de la comunicaci\u00f3n ha sido asombrosa: desde los r\u00edgidos cables de cobre hasta los sistemas inal\u00e1mbricos que abarcan continentes."},{"@type":"BreadcrumbList","@id":"https:\/\/jgili.com\/es\/la-evolucion-de-la-tecnologia-de-la-comunicacion-de-los-cables-a-las-redes-inalambricas\/#breadcrumb","itemListElement":[{"@type":"ListItem","position":1,"name":"Home","item":"https:\/\/jgili.com\/es\/home\/"},{"@type":"ListItem","position":2,"name":"La evoluci\u00f3n de la tecnolog\u00eda de la comunicaci\u00f3n: de los cables a las redes inal\u00e1mbricas"}]},{"@type":"WebSite","@id":"https:\/\/jgili.com\/es\/#website","url":"https:\/\/jgili.com\/es\/","name":"JGILI.com","description":"TEXTILE SOLUTIONS FOR TECHNICAL APPLICATIONS","publisher":{"@id":"https:\/\/jgili.com\/es\/#organization"},"potentialAction":[{"@type":"SearchAction","target":{"@type":"EntryPoint","urlTemplate":"https:\/\/jgili.com\/es\/?s={search_term_string}"},"query-input":{"@type":"PropertyValueSpecification","valueRequired":true,"valueName":"search_term_string"}}],"inLanguage":"es"},{"@type":"Organization","@id":"https:\/\/jgili.com\/es\/#organization","name":"JGILI.com","url":"https:\/\/jgili.com\/es\/","logo":{"@type":"ImageObject","inLanguage":"es","@id":"https:\/\/jgili.com\/es\/#\/schema\/logo\/image\/","url":"https:\/\/jgili.com\/wp-content\/uploads\/2021\/09\/fav_1-1.png","contentUrl":"https:\/\/jgili.com\/wp-content\/uploads\/2021\/09\/fav_1-1.png","width":582,"height":582,"caption":"JGILI.com"},"image":{"@id":"https:\/\/jgili.com\/es\/#\/schema\/logo\/image\/"},"sameAs":["https:\/\/www.linkedin.com\/company\/juan-gili-s-l\/"]},{"@type":"Person","@id":"https:\/\/jgili.com\/es\/#\/schema\/person\/81eee0acb789fa0b8f9d9287cfbea475","name":"Admin","image":{"@type":"ImageObject","inLanguage":"es","@id":"https:\/\/secure.gravatar.com\/avatar\/4fc8bfdcbcbd62ad2a834387c498485119ecffc2bdc8e7d333571b9d102df898?s=96&d=mm&r=g","url":"https:\/\/secure.gravatar.com\/avatar\/4fc8bfdcbcbd62ad2a834387c498485119ecffc2bdc8e7d333571b9d102df898?s=96&d=mm&r=g","contentUrl":"https:\/\/secure.gravatar.com\/avatar\/4fc8bfdcbcbd62ad2a834387c498485119ecffc2bdc8e7d333571b9d102df898?s=96&d=mm&r=g","caption":"Admin"},"url":"https:\/\/jgili.com\/es\/author\/admin-2\/"}]}},"_links":{"self":[{"href":"https:\/\/jgili.com\/es\/wp-json\/wp\/v2\/posts\/23048","targetHints":{"allow":["GET"]}}],"collection":[{"href":"https:\/\/jgili.com\/es\/wp-json\/wp\/v2\/posts"}],"about":[{"href":"https:\/\/jgili.com\/es\/wp-json\/wp\/v2\/types\/post"}],"author":[{"embeddable":true,"href":"https:\/\/jgili.com\/es\/wp-json\/wp\/v2\/users\/2"}],"replies":[{"embeddable":true,"href":"https:\/\/jgili.com\/es\/wp-json\/wp\/v2\/comments?post=23048"}],"version-history":[{"count":1,"href":"https:\/\/jgili.com\/es\/wp-json\/wp\/v2\/posts\/23048\/revisions"}],"predecessor-version":[{"id":23049,"href":"https:\/\/jgili.com\/es\/wp-json\/wp\/v2\/posts\/23048\/revisions\/23049"}],"wp:featuredmedia":[{"embeddable":true,"href":"https:\/\/jgili.com\/es\/wp-json\/wp\/v2\/media\/23045"}],"wp:attachment":[{"href":"https:\/\/jgili.com\/es\/wp-json\/wp\/v2\/media?parent=23048"}],"wp:term":[{"taxonomy":"category","embeddable":true,"href":"https:\/\/jgili.com\/es\/wp-json\/wp\/v2\/categories?post=23048"},{"taxonomy":"post_tag","embeddable":true,"href":"https:\/\/jgili.com\/es\/wp-json\/wp\/v2\/tags?post=23048"}],"curies":[{"name":"wp","href":"https:\/\/api.w.org\/{rel}","templated":true}]}}