{"id":23021,"date":"2025-07-20T19:39:00","date_gmt":"2025-07-20T19:39:00","guid":{"rendered":"https:\/\/jgili.com\/sostenibilitat-empreses-vs-impacte-ambiental\/"},"modified":"2025-11-13T08:36:07","modified_gmt":"2025-11-13T08:36:07","slug":"sostenibilitat-empreses-vs-impacte-ambiental","status":"publish","type":"post","link":"https:\/\/jgili.com\/ca\/sostenibilitat-empreses-vs-impacte-ambiental\/","title":{"rendered":"Sostenibilitat: Empreses vs. Impacte ambiental"},"content":{"rendered":"\n<p>La sostenibilitat s&#8217;ha convertit en una prioritat en la <a href=\"https:\/\/jgili.com\/telecommunications-fiber-optics\/\">i<strong>nd\u00fastria del cablejat<\/strong>,<\/a> on la producci\u00f3 tradicional pot tenir un impacte ambiental significatiu a causa del seu \u00fas intensiu de recursos i la generaci\u00f3 de residus. Empreses l\u00edders, com ara Juan Gili S.L., estan adoptant pr\u00e0ctiques innovadores per minimitzar la seva petjada ecol\u00f2gica i promoure un futur m\u00e9s verd. <\/p>\n\n<h2 class=\"wp-block-heading\">Per qu\u00e8 \u00e9s important reduir l&#8217;impacte ambiental?<\/h2>\n\n<p>La fabricaci\u00f3 de cablejat implica l&#8217;\u00fas de metalls com el coure i l&#8217;alumini, aix\u00ed com materials pl\u00e0stics per a l&#8217;a\u00efllament i el recobriment. Aquests processos poden donar lloc a: <\/p>\n\n<p>\u25cf Altes emissions de CO\u2082<\/p>\n\n<p>\u25cf Consum significatiu d&#8217;energia i aigua<\/p>\n\n<p>\u25cf Generaci\u00f3 de residus no reciclables<\/p>\n\n<p>\u25cf Dificultats en la tra\u00e7abilitat de les mat\u00e8ries primeres<\/p>\n\n<p>Abordar aquests reptes \u00e9s essencial per complir amb les normatives ambientals i satisfer les expectatives dels clients i les comunitats amb consci\u00e8ncia ambiental.<\/p>\n\n<h2 class=\"wp-block-heading\">Estrat\u00e8gies sostenibles adoptades per les empreses<\/h2>\n\n<figure class=\"wp-block-image size-large\"><img fetchpriority=\"high\" decoding=\"async\" width=\"1024\" height=\"661\" src=\"https:\/\/jgili.com\/wp-content\/uploads\/2025\/08\/Sustainability-COMPANIES-JGILI-TEXTILES-SOLUTIONS-1024x661.webp\" alt=\"Sustainability &amp;amp; Companies | JGILI\" class=\"wp-image-22280\" srcset=\"https:\/\/jgili.com\/wp-content\/uploads\/2025\/08\/Sustainability-COMPANIES-JGILI-TEXTILES-SOLUTIONS-1024x661.webp 1024w, https:\/\/jgili.com\/wp-content\/uploads\/2025\/08\/Sustainability-COMPANIES-JGILI-TEXTILES-SOLUTIONS-300x194.webp 300w, https:\/\/jgili.com\/wp-content\/uploads\/2025\/08\/Sustainability-COMPANIES-JGILI-TEXTILES-SOLUTIONS-768x496.webp 768w, https:\/\/jgili.com\/wp-content\/uploads\/2025\/08\/Sustainability-COMPANIES-JGILI-TEXTILES-SOLUTIONS-1536x991.webp 1536w, https:\/\/jgili.com\/wp-content\/uploads\/2025\/08\/Sustainability-COMPANIES-JGILI-TEXTILES-SOLUTIONS-18x12.webp 18w, https:\/\/jgili.com\/wp-content\/uploads\/2025\/08\/Sustainability-COMPANIES-JGILI-TEXTILES-SOLUTIONS-370x239.webp 370w, https:\/\/jgili.com\/wp-content\/uploads\/2025\/08\/Sustainability-COMPANIES-JGILI-TEXTILES-SOLUTIONS-840x542.webp 840w, https:\/\/jgili.com\/wp-content\/uploads\/2025\/08\/Sustainability-COMPANIES-JGILI-TEXTILES-SOLUTIONS-410x265.webp 410w, https:\/\/jgili.com\/wp-content\/uploads\/2025\/08\/Sustainability-COMPANIES-JGILI-TEXTILES-SOLUTIONS.webp 1979w\" sizes=\"(max-width: 1024px) 100vw, 1024px\" \/><\/figure>\n\n<p>Les empreses compromeses amb la sostenibilitat estan implementant diverses estrat\u00e8gies per reduir el seu impacte ambiental:<\/p>\n\n<h3 class=\"wp-block-heading\">1. \u00das de materials reciclats i reciclables<\/h3>\n\n<p>L&#8217;\u00fas de materials reciclats en la producci\u00f3 de cables, com ara pl\u00e0stics reciclables i metalls recuperats, est\u00e0 augmentant, reduint la depend\u00e8ncia dels recursos verges.<\/p>\n\n<h3 class=\"wp-block-heading\">2. Optimitzaci\u00f3 dels processos de producci\u00f3<\/h3>\n\n<p>L&#8217;adopci\u00f3 de tecnologies m\u00e9s eficients permet reduir el consum d&#8217;energia i minimitzar els residus generats durant la fabricaci\u00f3.<\/p>\n\n<h3 class=\"wp-block-heading\">3. Implementaci\u00f3 de certificacions ambientals<\/h3>\n\n<p>L&#8217;obtenci\u00f3 de certificacions com la ISO 14001 i les Declaracions Ambientals de Producte (DAP) ajuda les empreses a avaluar i comunicar el seu rendiment ambiental de manera transparent.<\/p>\n\n<h3 class=\"wp-block-heading\">4. Disseny per a la Reciclabilitat<\/h3>\n\n<p>Els productes es dissenyen considerant tot el seu cicle de vida, facilitant el seu desmuntatge i reciclatge al final del seu \u00fas.<\/p>\n\n<h2 class=\"wp-block-heading\">Abans i despr\u00e9s d&#8217;implementar pr\u00e0ctiques sostenibles<\/h2>\n\n<p>A continuaci\u00f3 es presenta un resum dels principals indicadors que reflecteixen l&#8217;evoluci\u00f3 d&#8217;una empresa t\u00edpica del sector de la fabricaci\u00f3 de cables despr\u00e9s d&#8217;adoptar mesures sostenibles:<\/p>\n\n<p><strong>\u25cf Emissions de CO\u2082 (kg\/tona):<\/strong><\/p>\n\n<p>Abans: 250 kg | Despr\u00e9s: 145 kg<\/p>\n\n<p>Reducci\u00f3 significativa de les emissions gr\u00e0cies a l&#8217;efici\u00e8ncia energ\u00e8tica i l&#8217;\u00fas d&#8217;energies renovables.<\/p>\n\n<p><strong>\u25cf Percentatge de materials reciclats:<\/strong><\/p>\n\n<p>Abans: 15% | Despr\u00e9s: 60%<\/p>\n\n<p>L&#8217;\u00fas de materials reciclats i reciclables en la producci\u00f3 ha augmentat.<\/p>\n\n<p>\u25cf Consum d&#8217;energia per unitat:<\/p>\n\n<p>Abans: Alt | Despr\u00e9s: Mig\/Baix<\/p>\n\n<p>Optimitzaci\u00f3 de processos i millora de l&#8217;efici\u00e8ncia de les instal\u00b7lacions industrials.<\/p>\n\n<p><strong>\u25cf Tra\u00e7abilitat de les mat\u00e8ries primeres:<\/strong><\/p>\n\n<p>Abans: Limitat | Despr\u00e9s: Complet<\/p>\n\n<p>Millor control sobre l&#8217;origen dels materials, garantint pr\u00e0ctiques responsables i sostenibles.<\/p>\n\n<h2 class=\"wp-block-heading\">El nostre comprom\u00eds <\/h2>\n\n<p>A Juan Gili S.L. entenem que la sostenibilitat no \u00e9s una opci\u00f3, sin\u00f3 un comprom\u00eds amb el present i el futur. Per aix\u00f2, a trav\u00e9s de les nostres activitats en el sector industrial, hem adoptat mesures concretes per reduir el nostre impacte ambiental i contribuir activament a un model de producci\u00f3 m\u00e9s responsable. <\/p>\n\n<p>Estem incorporant materials reciclats en la fabricaci\u00f3 dels nostres productes, centrant-nos en solucions que respecten els recursos del planeta sense comprometre la qualitat t\u00e8cnica que ens caracteritza.<\/p>\n\n<p>A m\u00e9s, hem treballat intensament per optimitzar els nostres processos interns, aconseguint una reducci\u00f3 significativa del consum d&#8217;energia i millorant l&#8217;efici\u00e8ncia operativa de les nostres instal\u00b7lacions.<\/p>\n\n<p>El nostre comprom\u00eds amb el medi ambient tamb\u00e9 es reflecteix en l&#8217;obtenci\u00f3 de certificacions ambientals que validen els nostres esfor\u00e7os i garanteixen la transpar\u00e8ncia en les nostres accions.<\/p>\n\n<p>Creiem que predicar amb l&#8217;exemple \u00e9s la millor manera d&#8217;avan\u00e7ar cap a una ind\u00fastria m\u00e9s conscient, i continuarem treballant cada dia per garantir que les nostres solucions t\u00e8xtils t\u00e8cniques tamb\u00e9 siguin sostenibles.<\/p>\n\n<h3 class=\"wp-block-heading\">Cap a un futur m\u00e9s verd<\/h3>\n\n<p>La transici\u00f3 cap a pr\u00e0ctiques m\u00e9s sostenibles en la ind\u00fastria del cable \u00e9s essencial per protegir el medi ambient i garantir la viabilitat a llarg termini del sector. El nostre treball demostra que \u00e9s possible combinar l&#8217;efici\u00e8ncia, la qualitat i la responsabilitat ambiental, obrint el cam\u00ed cap a un futur m\u00e9s verd i sostenible. <\/p>\n\n<p><\/p>\n","protected":false},"excerpt":{"rendered":"<p>La sostenibilitat s&#8217;ha convertit en una prioritat en la ind\u00fastria del cablejat, on la producci\u00f3 tradicional pot tenir un impacte ambiental significatiu a causa del seu \u00fas intensiu de recursos&hellip;<\/p>\n","protected":false},"author":2,"featured_media":23018,"comment_status":"open","ping_status":"open","sticky":false,"template":"","format":"standard","meta":{"footnotes":""},"categories":[222],"tags":[223],"class_list":["post-23021","post","type-post","status-publish","format-standard","has-post-thumbnail","hentry","category-informacio","tag-sostenible"],"yoast_head":"<!-- This site is optimized with the Yoast SEO plugin v27.3 - https:\/\/yoast.com\/product\/yoast-seo-wordpress\/ -->\n<title>Sostenibilitat a la ind\u00fastria del cable: reducci\u00f3 de l&#039;impacte ambiental<\/title>\n<meta name=\"description\" content=\"Descobreix com les empreses de cable com Juan Gili S.L. adopten pr\u00e0ctiques sostenibles per reduir l&#039;impacte ambiental i promoure un futur m\u00e9s verd.\" \/>\n<meta name=\"robots\" content=\"index, follow, max-snippet:-1, max-image-preview:large, max-video-preview:-1\" \/>\n<link rel=\"canonical\" href=\"https:\/\/jgili.com\/ca\/sostenibilitat-empreses-vs-impacte-ambiental\/\" \/>\n<meta property=\"og:locale\" content=\"ca_ES\" \/>\n<meta property=\"og:type\" content=\"article\" \/>\n<meta property=\"og:title\" content=\"Sostenibilitat a la ind\u00fastria del cable: reducci\u00f3 de l&#039;impacte ambiental\" \/>\n<meta property=\"og:description\" content=\"Descobreix com les empreses de cable com Juan Gili S.L. adopten pr\u00e0ctiques sostenibles per reduir l&#039;impacte ambiental i promoure un futur m\u00e9s verd.\" \/>\n<meta property=\"og:url\" content=\"https:\/\/jgili.com\/ca\/sostenibilitat-empreses-vs-impacte-ambiental\/\" \/>\n<meta property=\"og:site_name\" content=\"JGILI.com\" \/>\n<meta property=\"article:published_time\" content=\"2025-07-20T19:39:00+00:00\" \/>\n<meta property=\"article:modified_time\" content=\"2025-11-13T08:36:07+00:00\" \/>\n<meta property=\"og:image\" content=\"https:\/\/jgili.com\/wp-content\/uploads\/2025\/08\/Sustainability-COMPANIES-JGILI-ESP-BLOG-1.webp\" \/>\n\t<meta property=\"og:image:width\" content=\"1000\" \/>\n\t<meta property=\"og:image:height\" content=\"562\" \/>\n\t<meta property=\"og:image:type\" content=\"image\/webp\" \/>\n<meta name=\"author\" content=\"Admin\" \/>\n<meta name=\"twitter:card\" content=\"summary_large_image\" \/>\n<meta name=\"twitter:label1\" content=\"Escrit per\" \/>\n\t<meta name=\"twitter:data1\" content=\"Admin\" \/>\n\t<meta name=\"twitter:label2\" content=\"Temps estimat de lectura\" \/>\n\t<meta name=\"twitter:data2\" content=\"3 minuts\" \/>\n<script type=\"application\/ld+json\" class=\"yoast-schema-graph\">{\"@context\":\"https:\\\/\\\/schema.org\",\"@graph\":[{\"@type\":\"Article\",\"@id\":\"https:\\\/\\\/jgili.com\\\/ca\\\/sostenibilitat-empreses-vs-impacte-ambiental\\\/#article\",\"isPartOf\":{\"@id\":\"https:\\\/\\\/jgili.com\\\/ca\\\/sostenibilitat-empreses-vs-impacte-ambiental\\\/\"},\"author\":{\"name\":\"Admin\",\"@id\":\"https:\\\/\\\/jgili.com\\\/ca\\\/#\\\/schema\\\/person\\\/81eee0acb789fa0b8f9d9287cfbea475\"},\"headline\":\"Sostenibilitat: Empreses vs. Impacte ambiental\",\"datePublished\":\"2025-07-20T19:39:00+00:00\",\"dateModified\":\"2025-11-13T08:36:07+00:00\",\"mainEntityOfPage\":{\"@id\":\"https:\\\/\\\/jgili.com\\\/ca\\\/sostenibilitat-empreses-vs-impacte-ambiental\\\/\"},\"wordCount\":699,\"commentCount\":0,\"publisher\":{\"@id\":\"https:\\\/\\\/jgili.com\\\/ca\\\/#organization\"},\"image\":{\"@id\":\"https:\\\/\\\/jgili.com\\\/ca\\\/sostenibilitat-empreses-vs-impacte-ambiental\\\/#primaryimage\"},\"thumbnailUrl\":\"https:\\\/\\\/jgili.com\\\/wp-content\\\/uploads\\\/2025\\\/08\\\/Sustainability-COMPANIES-JGILI-ESP-BLOG-1.webp\",\"keywords\":[\"sostenible\"],\"articleSection\":[\"Informaci\u00f3\"],\"inLanguage\":\"ca\",\"potentialAction\":[{\"@type\":\"CommentAction\",\"name\":\"Comment\",\"target\":[\"https:\\\/\\\/jgili.com\\\/ca\\\/sostenibilitat-empreses-vs-impacte-ambiental\\\/#respond\"]}]},{\"@type\":\"WebPage\",\"@id\":\"https:\\\/\\\/jgili.com\\\/ca\\\/sostenibilitat-empreses-vs-impacte-ambiental\\\/\",\"url\":\"https:\\\/\\\/jgili.com\\\/ca\\\/sostenibilitat-empreses-vs-impacte-ambiental\\\/\",\"name\":\"Sostenibilitat a la ind\u00fastria del cable: reducci\u00f3 de l'impacte ambiental\",\"isPartOf\":{\"@id\":\"https:\\\/\\\/jgili.com\\\/ca\\\/#website\"},\"primaryImageOfPage\":{\"@id\":\"https:\\\/\\\/jgili.com\\\/ca\\\/sostenibilitat-empreses-vs-impacte-ambiental\\\/#primaryimage\"},\"image\":{\"@id\":\"https:\\\/\\\/jgili.com\\\/ca\\\/sostenibilitat-empreses-vs-impacte-ambiental\\\/#primaryimage\"},\"thumbnailUrl\":\"https:\\\/\\\/jgili.com\\\/wp-content\\\/uploads\\\/2025\\\/08\\\/Sustainability-COMPANIES-JGILI-ESP-BLOG-1.webp\",\"datePublished\":\"2025-07-20T19:39:00+00:00\",\"dateModified\":\"2025-11-13T08:36:07+00:00\",\"description\":\"Descobreix com les empreses de cable com Juan Gili S.L. adopten pr\u00e0ctiques sostenibles per reduir l'impacte ambiental i promoure un futur m\u00e9s verd.\",\"breadcrumb\":{\"@id\":\"https:\\\/\\\/jgili.com\\\/ca\\\/sostenibilitat-empreses-vs-impacte-ambiental\\\/#breadcrumb\"},\"inLanguage\":\"ca\",\"potentialAction\":[{\"@type\":\"ReadAction\",\"target\":[\"https:\\\/\\\/jgili.com\\\/ca\\\/sostenibilitat-empreses-vs-impacte-ambiental\\\/\"]}]},{\"@type\":\"ImageObject\",\"inLanguage\":\"ca\",\"@id\":\"https:\\\/\\\/jgili.com\\\/ca\\\/sostenibilitat-empreses-vs-impacte-ambiental\\\/#primaryimage\",\"url\":\"https:\\\/\\\/jgili.com\\\/wp-content\\\/uploads\\\/2025\\\/08\\\/Sustainability-COMPANIES-JGILI-ESP-BLOG-1.webp\",\"contentUrl\":\"https:\\\/\\\/jgili.com\\\/wp-content\\\/uploads\\\/2025\\\/08\\\/Sustainability-COMPANIES-JGILI-ESP-BLOG-1.webp\",\"width\":1000,\"height\":562,\"caption\":\"Sustainability: Companies vs. Environmental Impact | JGILI\"},{\"@type\":\"BreadcrumbList\",\"@id\":\"https:\\\/\\\/jgili.com\\\/ca\\\/sostenibilitat-empreses-vs-impacte-ambiental\\\/#breadcrumb\",\"itemListElement\":[{\"@type\":\"ListItem\",\"position\":1,\"name\":\"Home\",\"item\":\"https:\\\/\\\/jgili.com\\\/ca\\\/inici\\\/\"},{\"@type\":\"ListItem\",\"position\":2,\"name\":\"Sostenibilitat: Empreses vs. Impacte ambiental\"}]},{\"@type\":\"WebSite\",\"@id\":\"https:\\\/\\\/jgili.com\\\/ca\\\/#website\",\"url\":\"https:\\\/\\\/jgili.com\\\/ca\\\/\",\"name\":\"JGILI.com\",\"description\":\"TEXTILE SOLUTIONS FOR TECHNICAL APPLICATIONS\",\"publisher\":{\"@id\":\"https:\\\/\\\/jgili.com\\\/ca\\\/#organization\"},\"potentialAction\":[{\"@type\":\"SearchAction\",\"target\":{\"@type\":\"EntryPoint\",\"urlTemplate\":\"https:\\\/\\\/jgili.com\\\/ca\\\/?s={search_term_string}\"},\"query-input\":{\"@type\":\"PropertyValueSpecification\",\"valueRequired\":true,\"valueName\":\"search_term_string\"}}],\"inLanguage\":\"ca\"},{\"@type\":\"Organization\",\"@id\":\"https:\\\/\\\/jgili.com\\\/ca\\\/#organization\",\"name\":\"JGILI.com\",\"url\":\"https:\\\/\\\/jgili.com\\\/ca\\\/\",\"logo\":{\"@type\":\"ImageObject\",\"inLanguage\":\"ca\",\"@id\":\"https:\\\/\\\/jgili.com\\\/ca\\\/#\\\/schema\\\/logo\\\/image\\\/\",\"url\":\"https:\\\/\\\/jgili.com\\\/wp-content\\\/uploads\\\/2021\\\/09\\\/fav_1-1.png\",\"contentUrl\":\"https:\\\/\\\/jgili.com\\\/wp-content\\\/uploads\\\/2021\\\/09\\\/fav_1-1.png\",\"width\":582,\"height\":582,\"caption\":\"JGILI.com\"},\"image\":{\"@id\":\"https:\\\/\\\/jgili.com\\\/ca\\\/#\\\/schema\\\/logo\\\/image\\\/\"},\"sameAs\":[\"https:\\\/\\\/www.linkedin.com\\\/company\\\/juan-gili-s-l\\\/\"]},{\"@type\":\"Person\",\"@id\":\"https:\\\/\\\/jgili.com\\\/ca\\\/#\\\/schema\\\/person\\\/81eee0acb789fa0b8f9d9287cfbea475\",\"name\":\"Admin\",\"image\":{\"@type\":\"ImageObject\",\"inLanguage\":\"ca\",\"@id\":\"https:\\\/\\\/secure.gravatar.com\\\/avatar\\\/4fc8bfdcbcbd62ad2a834387c498485119ecffc2bdc8e7d333571b9d102df898?s=96&d=mm&r=g\",\"url\":\"https:\\\/\\\/secure.gravatar.com\\\/avatar\\\/4fc8bfdcbcbd62ad2a834387c498485119ecffc2bdc8e7d333571b9d102df898?s=96&d=mm&r=g\",\"contentUrl\":\"https:\\\/\\\/secure.gravatar.com\\\/avatar\\\/4fc8bfdcbcbd62ad2a834387c498485119ecffc2bdc8e7d333571b9d102df898?s=96&d=mm&r=g\",\"caption\":\"Admin\"},\"url\":\"https:\\\/\\\/jgili.com\\\/ca\\\/author\\\/admin-2\\\/\"}]}<\/script>\n<!-- \/ Yoast SEO plugin. -->","yoast_head_json":{"title":"Sostenibilitat a la ind\u00fastria del cable: reducci\u00f3 de l'impacte ambiental","description":"Descobreix com les empreses de cable com Juan Gili S.L. adopten pr\u00e0ctiques sostenibles per reduir l'impacte ambiental i promoure un futur m\u00e9s verd.","robots":{"index":"index","follow":"follow","max-snippet":"max-snippet:-1","max-image-preview":"max-image-preview:large","max-video-preview":"max-video-preview:-1"},"canonical":"https:\/\/jgili.com\/ca\/sostenibilitat-empreses-vs-impacte-ambiental\/","og_locale":"ca_ES","og_type":"article","og_title":"Sostenibilitat a la ind\u00fastria del cable: reducci\u00f3 de l'impacte ambiental","og_description":"Descobreix com les empreses de cable com Juan Gili S.L. adopten pr\u00e0ctiques sostenibles per reduir l'impacte ambiental i promoure un futur m\u00e9s verd.","og_url":"https:\/\/jgili.com\/ca\/sostenibilitat-empreses-vs-impacte-ambiental\/","og_site_name":"JGILI.com","article_published_time":"2025-07-20T19:39:00+00:00","article_modified_time":"2025-11-13T08:36:07+00:00","og_image":[{"width":1000,"height":562,"url":"https:\/\/jgili.com\/wp-content\/uploads\/2025\/08\/Sustainability-COMPANIES-JGILI-ESP-BLOG-1.webp","type":"image\/webp"}],"author":"Admin","twitter_card":"summary_large_image","twitter_misc":{"Escrit per":"Admin","Temps estimat de lectura":"3 minuts"},"schema":{"@context":"https:\/\/schema.org","@graph":[{"@type":"Article","@id":"https:\/\/jgili.com\/ca\/sostenibilitat-empreses-vs-impacte-ambiental\/#article","isPartOf":{"@id":"https:\/\/jgili.com\/ca\/sostenibilitat-empreses-vs-impacte-ambiental\/"},"author":{"name":"Admin","@id":"https:\/\/jgili.com\/ca\/#\/schema\/person\/81eee0acb789fa0b8f9d9287cfbea475"},"headline":"Sostenibilitat: Empreses vs. Impacte ambiental","datePublished":"2025-07-20T19:39:00+00:00","dateModified":"2025-11-13T08:36:07+00:00","mainEntityOfPage":{"@id":"https:\/\/jgili.com\/ca\/sostenibilitat-empreses-vs-impacte-ambiental\/"},"wordCount":699,"commentCount":0,"publisher":{"@id":"https:\/\/jgili.com\/ca\/#organization"},"image":{"@id":"https:\/\/jgili.com\/ca\/sostenibilitat-empreses-vs-impacte-ambiental\/#primaryimage"},"thumbnailUrl":"https:\/\/jgili.com\/wp-content\/uploads\/2025\/08\/Sustainability-COMPANIES-JGILI-ESP-BLOG-1.webp","keywords":["sostenible"],"articleSection":["Informaci\u00f3"],"inLanguage":"ca","potentialAction":[{"@type":"CommentAction","name":"Comment","target":["https:\/\/jgili.com\/ca\/sostenibilitat-empreses-vs-impacte-ambiental\/#respond"]}]},{"@type":"WebPage","@id":"https:\/\/jgili.com\/ca\/sostenibilitat-empreses-vs-impacte-ambiental\/","url":"https:\/\/jgili.com\/ca\/sostenibilitat-empreses-vs-impacte-ambiental\/","name":"Sostenibilitat a la ind\u00fastria del cable: reducci\u00f3 de l'impacte ambiental","isPartOf":{"@id":"https:\/\/jgili.com\/ca\/#website"},"primaryImageOfPage":{"@id":"https:\/\/jgili.com\/ca\/sostenibilitat-empreses-vs-impacte-ambiental\/#primaryimage"},"image":{"@id":"https:\/\/jgili.com\/ca\/sostenibilitat-empreses-vs-impacte-ambiental\/#primaryimage"},"thumbnailUrl":"https:\/\/jgili.com\/wp-content\/uploads\/2025\/08\/Sustainability-COMPANIES-JGILI-ESP-BLOG-1.webp","datePublished":"2025-07-20T19:39:00+00:00","dateModified":"2025-11-13T08:36:07+00:00","description":"Descobreix com les empreses de cable com Juan Gili S.L. adopten pr\u00e0ctiques sostenibles per reduir l'impacte ambiental i promoure un futur m\u00e9s verd.","breadcrumb":{"@id":"https:\/\/jgili.com\/ca\/sostenibilitat-empreses-vs-impacte-ambiental\/#breadcrumb"},"inLanguage":"ca","potentialAction":[{"@type":"ReadAction","target":["https:\/\/jgili.com\/ca\/sostenibilitat-empreses-vs-impacte-ambiental\/"]}]},{"@type":"ImageObject","inLanguage":"ca","@id":"https:\/\/jgili.com\/ca\/sostenibilitat-empreses-vs-impacte-ambiental\/#primaryimage","url":"https:\/\/jgili.com\/wp-content\/uploads\/2025\/08\/Sustainability-COMPANIES-JGILI-ESP-BLOG-1.webp","contentUrl":"https:\/\/jgili.com\/wp-content\/uploads\/2025\/08\/Sustainability-COMPANIES-JGILI-ESP-BLOG-1.webp","width":1000,"height":562,"caption":"Sustainability: Companies vs. Environmental Impact | JGILI"},{"@type":"BreadcrumbList","@id":"https:\/\/jgili.com\/ca\/sostenibilitat-empreses-vs-impacte-ambiental\/#breadcrumb","itemListElement":[{"@type":"ListItem","position":1,"name":"Home","item":"https:\/\/jgili.com\/ca\/inici\/"},{"@type":"ListItem","position":2,"name":"Sostenibilitat: Empreses vs. Impacte ambiental"}]},{"@type":"WebSite","@id":"https:\/\/jgili.com\/ca\/#website","url":"https:\/\/jgili.com\/ca\/","name":"JGILI.com","description":"TEXTILE SOLUTIONS FOR TECHNICAL APPLICATIONS","publisher":{"@id":"https:\/\/jgili.com\/ca\/#organization"},"potentialAction":[{"@type":"SearchAction","target":{"@type":"EntryPoint","urlTemplate":"https:\/\/jgili.com\/ca\/?s={search_term_string}"},"query-input":{"@type":"PropertyValueSpecification","valueRequired":true,"valueName":"search_term_string"}}],"inLanguage":"ca"},{"@type":"Organization","@id":"https:\/\/jgili.com\/ca\/#organization","name":"JGILI.com","url":"https:\/\/jgili.com\/ca\/","logo":{"@type":"ImageObject","inLanguage":"ca","@id":"https:\/\/jgili.com\/ca\/#\/schema\/logo\/image\/","url":"https:\/\/jgili.com\/wp-content\/uploads\/2021\/09\/fav_1-1.png","contentUrl":"https:\/\/jgili.com\/wp-content\/uploads\/2021\/09\/fav_1-1.png","width":582,"height":582,"caption":"JGILI.com"},"image":{"@id":"https:\/\/jgili.com\/ca\/#\/schema\/logo\/image\/"},"sameAs":["https:\/\/www.linkedin.com\/company\/juan-gili-s-l\/"]},{"@type":"Person","@id":"https:\/\/jgili.com\/ca\/#\/schema\/person\/81eee0acb789fa0b8f9d9287cfbea475","name":"Admin","image":{"@type":"ImageObject","inLanguage":"ca","@id":"https:\/\/secure.gravatar.com\/avatar\/4fc8bfdcbcbd62ad2a834387c498485119ecffc2bdc8e7d333571b9d102df898?s=96&d=mm&r=g","url":"https:\/\/secure.gravatar.com\/avatar\/4fc8bfdcbcbd62ad2a834387c498485119ecffc2bdc8e7d333571b9d102df898?s=96&d=mm&r=g","contentUrl":"https:\/\/secure.gravatar.com\/avatar\/4fc8bfdcbcbd62ad2a834387c498485119ecffc2bdc8e7d333571b9d102df898?s=96&d=mm&r=g","caption":"Admin"},"url":"https:\/\/jgili.com\/ca\/author\/admin-2\/"}]}},"_links":{"self":[{"href":"https:\/\/jgili.com\/ca\/wp-json\/wp\/v2\/posts\/23021","targetHints":{"allow":["GET"]}}],"collection":[{"href":"https:\/\/jgili.com\/ca\/wp-json\/wp\/v2\/posts"}],"about":[{"href":"https:\/\/jgili.com\/ca\/wp-json\/wp\/v2\/types\/post"}],"author":[{"embeddable":true,"href":"https:\/\/jgili.com\/ca\/wp-json\/wp\/v2\/users\/2"}],"replies":[{"embeddable":true,"href":"https:\/\/jgili.com\/ca\/wp-json\/wp\/v2\/comments?post=23021"}],"version-history":[{"count":1,"href":"https:\/\/jgili.com\/ca\/wp-json\/wp\/v2\/posts\/23021\/revisions"}],"predecessor-version":[{"id":23022,"href":"https:\/\/jgili.com\/ca\/wp-json\/wp\/v2\/posts\/23021\/revisions\/23022"}],"wp:featuredmedia":[{"embeddable":true,"href":"https:\/\/jgili.com\/ca\/wp-json\/wp\/v2\/media\/23018"}],"wp:attachment":[{"href":"https:\/\/jgili.com\/ca\/wp-json\/wp\/v2\/media?parent=23021"}],"wp:term":[{"taxonomy":"category","embeddable":true,"href":"https:\/\/jgili.com\/ca\/wp-json\/wp\/v2\/categories?post=23021"},{"taxonomy":"post_tag","embeddable":true,"href":"https:\/\/jgili.com\/ca\/wp-json\/wp\/v2\/tags?post=23021"}],"curies":[{"name":"wp","href":"https:\/\/api.w.org\/{rel}","templated":true}]}}