{"id":22980,"date":"2025-10-08T02:38:00","date_gmt":"2025-10-08T02:38:00","guid":{"rendered":"https:\/\/jgili.com\/guia-completa-per-a-lus-de-cordons-i-cordes-a-la-industria-de-les-telecomunicacions\/"},"modified":"2025-11-12T11:04:49","modified_gmt":"2025-11-12T11:04:49","slug":"guia-completa-per-a-lus-de-cordons-i-cordes-a-la-industria-de-les-telecomunicacions","status":"publish","type":"post","link":"https:\/\/jgili.com\/ca\/guia-completa-per-a-lus-de-cordons-i-cordes-a-la-industria-de-les-telecomunicacions\/","title":{"rendered":"Guia completa per a l&#8217;\u00fas de cordons i cordes a la ind\u00fastria de les telecomunicacions"},"content":{"rendered":"\n<p>En el sector de les telecomunicacions, especialment en entorns industrials, la fiabilitat i la durabilitat dels components s\u00f3n essencials. Els cables de <strong>comunicaci\u00f3 industrial <\/strong>estan sotmesos a condicions exigents que requereixen solucions t\u00e8cniques avan\u00e7ades. En aquest context, l&#8217;\u00fas de cordons i cordes (cordons i cordes t\u00e8cniques) representa una soluci\u00f3 clau per garantir la resist\u00e8ncia mec\u00e0nica, el suport estructural i la protecci\u00f3 dels elements interns del cable. <\/p>\n\n<p>Aquesta guia resumeix la seva funci\u00f3, composici\u00f3 i avantatges en els sistemes de comunicaci\u00f3 industrial moderns.<\/p>\n\n<p><\/p>\n\n<h3 class=\"wp-block-heading\"><strong>Qu\u00e8 s\u00f3n els cordons i cordes en els cables industrials?<\/strong><\/h3>\n\n<p>Els cordons i cordes s\u00f3n components t\u00e8xtils d&#8217;alta tenacitat integrats a l&#8217;estructura dels cables, especialment aquells dissenyats per a aplicacions de comunicaci\u00f3, dades, control i energia. Les seves funcions principals s\u00f3n: <\/p>\n\n<ul class=\"wp-block-list\">\n<li>Actuar com a element tensor per suportar l&#8217;estr\u00e8s durant la instal\u00b7laci\u00f3 o l&#8217;\u00fas prolongat del cable.<\/li>\n\n\n\n<li>Proporcionar estructura interna al cable, evitant moviments no desitjats entre capes.<\/li>\n\n\n\n<li>Servir com a cord\u00f3 de ruptura, permetent que el cable s&#8217;obri f\u00e0cilment sense danyar els conductors interns.<\/li>\n<\/ul>\n\n<p><\/p>\n\n<h3 class=\"wp-block-heading\"><strong>Aplicacions en cables de comunicaci\u00f3 industrial<\/strong><\/h3>\n\n<figure class=\"wp-block-image size-large\"><img fetchpriority=\"high\" decoding=\"async\" width=\"1024\" height=\"589\" src=\"https:\/\/jgili.com\/wp-content\/uploads\/2025\/11\/applications-in-industrial-communication-cables-1024x589.webp\" alt=\"applications-in-industrial-communication-cables\" class=\"wp-image-22334\" srcset=\"https:\/\/jgili.com\/wp-content\/uploads\/2025\/11\/applications-in-industrial-communication-cables-1024x589.webp 1024w, https:\/\/jgili.com\/wp-content\/uploads\/2025\/11\/applications-in-industrial-communication-cables-300x173.webp 300w, https:\/\/jgili.com\/wp-content\/uploads\/2025\/11\/applications-in-industrial-communication-cables-768x442.webp 768w, https:\/\/jgili.com\/wp-content\/uploads\/2025\/11\/applications-in-industrial-communication-cables-18x10.webp 18w, https:\/\/jgili.com\/wp-content\/uploads\/2025\/11\/applications-in-industrial-communication-cables-370x213.webp 370w, https:\/\/jgili.com\/wp-content\/uploads\/2025\/11\/applications-in-industrial-communication-cables-840x483.webp 840w, https:\/\/jgili.com\/wp-content\/uploads\/2025\/11\/applications-in-industrial-communication-cables-410x236.webp 410w, https:\/\/jgili.com\/wp-content\/uploads\/2025\/11\/applications-in-industrial-communication-cables.webp 1100w\" sizes=\"(max-width: 1024px) 100vw, 1024px\" \/><\/figure>\n\n<p>Els <strong>cordons i cordes<\/strong> desenvolupats per <strong><a href=\"https:\/\/jgili.com\/ca\/productes\/filats-expansius-amb-aigua-cords-i-cordes\/\">Juan Gili S.L.<\/a><\/strong> s&#8217;utilitzen en cables per a xarxes de fibra \u00f2ptica, sistemes d&#8217;automatitzaci\u00f3, infraestructures ferrovi\u00e0ries i instal\u00b7lacions subterr\u00e0nies o submarines. En cadascun d&#8217;aquests entorns, la seva funci\u00f3 s&#8217;adapta a necessitats espec\u00edfiques: des de suportar esfor\u00e7os de tracci\u00f3 durant el desplegament fins a permetre una f\u00e0cil obertura del cable sense danyar els elements interns. <\/p>\n\n<p><\/p>\n\n<h3 class=\"wp-block-heading\"><strong>Materials i configuracions comuns<\/strong><\/h3>\n\n<p>En lloc de confiar en refor\u00e7os met\u00e0l\u00b7lics, utilitzem materials t\u00e8xtils com l&#8217;aramida (coneguda per la seva alta resist\u00e8ncia i resist\u00e8ncia t\u00e8rmica), poli\u00e8ster d&#8217;alta tenacitat o fins i tot fibra de vidre quan es requereix resist\u00e8ncia t\u00e8rmica i diel\u00e8ctrica. Tamb\u00e9 desenvolupem composicions hidroexpandibles per a cables que necessiten propietats de bloqueig d&#8217;aigua. <\/p>\n\n<p>A m\u00e9s, personalitzem cada disseny segons els requisits t\u00e8cnics: nombre de fils, di\u00e0metre, tractaments superficials o compatibilitat amb processos de cablejat autom\u00e0tics.<\/p>\n\n<p>Un dels principals avantatges dels cordons i cordes en comparaci\u00f3 amb les solucions tradicionals \u00e9s que no <strong>condueixen l&#8217;electricitat,<\/strong> cosa que els fa ideals per a sistemes que requereixen un a\u00efllament espec\u00edfic. Tamb\u00e9 s\u00f3n molt m\u00e9s lleugers que els refor\u00e7os met\u00e0l\u00b7lics, cosa que redueix el pes total del cable i facilita la seva manipulaci\u00f3. La seva flexibilitat, resist\u00e8ncia a l&#8217;abrasi\u00f3 i durabilitat contra l&#8217;envelliment s\u00f3n factors clau per a la implementaci\u00f3 a gran escala.  <\/p>\n\n<p><\/p>\n\n<h3 class=\"wp-block-heading\"><strong>La nostra experi\u00e8ncia al servei de la ind\u00fastria<\/strong><\/h3>\n\n<p>Tenim una llarga traject\u00f2ria com a soci de confian\u00e7a per a fabricants de cables en sectors com l&#8217;energia, les telecomunicacions i el transport. La nostra capacitat d&#8217;adaptaci\u00f3 i disseny de solucions personalitzades, juntament amb un rigor\u00f3s enfocament t\u00e8cnic, ens permet oferir components d&#8217;alt valor que responen als reptes de cada client. <\/p>\n\n<p>Els cables de comunicaci\u00f3 industrial necessiten m\u00e9s que conductivitat: requereixen estructura, resist\u00e8ncia i disseny t\u00e8cnic. Els cordons i cordes proporcionen exactament aix\u00f2. I a <strong>Juan Gili S.L.<\/strong>, apliquem la nostra experi\u00e8ncia t\u00e8xtil per servir aquesta ind\u00fastria clau, desenvolupant components que afegeixen rendiment i sostenibilitat.  <\/p>\n\n<p>Si la vostra empresa treballa amb cables industrials, estem preparats per ajudar-vos a dissenyar la millor soluci\u00f3 t\u00e8xtil per als vostres projectes de telecomunicacions.<\/p>\n\n<p><\/p>\n\n<h3 class=\"wp-block-heading\">Preguntes freq\u00fcents<\/h3>\n\n<div class=\"schema-faq wp-block-yoast-faq-block\"><div class=\"schema-faq-section\" id=\"faq-question-1762483970886\"><strong class=\"schema-faq-question\">Qu\u00e8 s\u00f3n els cordons i les cordes en els cables de comunicaci\u00f3 industrials?<\/strong> <p class=\"schema-faq-answer\">Els cordons i les cordes s\u00f3n components t\u00e8xtils d&#8217;alta tenacitat integrats a l&#8217;estructura del cable per proporcionar resist\u00e8ncia a la tracci\u00f3, estabilitat interna i suport durant la instal\u00b7laci\u00f3 i l&#8217;\u00fas a llarg termini.<\/p> <\/div> <div class=\"schema-faq-section\" id=\"faq-question-1762484026307\"><strong class=\"schema-faq-question\">Per qu\u00e8 s&#8217;utilitzen cordons i cordes en lloc de refor\u00e7os met\u00e0l\u00b7lics?<\/strong> <p class=\"schema-faq-answer\">Perqu\u00e8 s\u00f3n m\u00e9s lleugers, no conductors, flexibles i resistents a l&#8217;abrasi\u00f3 i l&#8217;envelliment, cosa que fa que els cables siguin m\u00e9s f\u00e0cils de manipular i m\u00e9s segurs per als sistemes de comunicaci\u00f3 a\u00efllats.<\/p> <\/div> <div class=\"schema-faq-section\" id=\"faq-question-1762484050238\"><strong class=\"schema-faq-question\">Quins materials s&#8217;utilitzen en els cordons i les cordes? cordes per a cables industrials?<\/strong> <p class=\"schema-faq-answer\">Normalment estan fets d&#8217;aramida, poli\u00e8ster d&#8217;alta tenacitat, fibra de vidre o fibres hidroexpandibles per a la protecci\u00f3 contra el bloqueig de l&#8217;aigua.<\/p> <\/div> <div class=\"schema-faq-section\" id=\"faq-question-1762484070971\"><strong class=\"schema-faq-question\">Com milloren els cordons i les cordes la instal\u00b7laci\u00f3 de cables?<\/strong> <p class=\"schema-faq-answer\">Actuen com a elements de tracci\u00f3 que resisteixen l&#8217;estr\u00e8s mec\u00e0nic durant el desplegament i redueixen el pes, fent que la instal\u00b7laci\u00f3 sigui m\u00e9s r\u00e0pida i segura.<\/p> <\/div> <div class=\"schema-faq-section\" id=\"faq-question-1762484099567\"><strong class=\"schema-faq-question\">Qu\u00e8 \u00e9s un cord\u00f3 de ruptura en un cable de comunicaci\u00f3?<\/strong> <p class=\"schema-faq-answer\">Un cord\u00f3 de ruptura \u00e9s un cord\u00f3 que permet als t\u00e8cnics obrir la funda del cable f\u00e0cilment sense danyar els conductors interns, millorant l&#8217;efici\u00e8ncia del manteniment.<\/p> <\/div> <\/div>\n\n<p><\/p>\n","protected":false},"excerpt":{"rendered":"<p>En el sector de les telecomunicacions, especialment en entorns industrials, la fiabilitat i la durabilitat dels components s\u00f3n essencials. Els cables de comunicaci\u00f3 industrial estan sotmesos a condicions exigents que&hellip;<\/p>\n","protected":false},"author":2,"featured_media":22976,"comment_status":"open","ping_status":"open","sticky":false,"template":"","format":"standard","meta":{"footnotes":""},"categories":[221],"tags":[],"class_list":["post-22980","post","type-post","status-publish","format-standard","has-post-thumbnail","hentry","category-blog"],"yoast_head":"<!-- This site is optimized with the Yoast SEO plugin v27.3 - https:\/\/yoast.com\/product\/yoast-seo-wordpress\/ -->\n<title>Cables de comunicaci\u00f3 industrial: \u00fas de cordons i cordes<\/title>\n<meta name=\"description\" content=\"Cables de comunicaci\u00f3 industrial millorats amb cordons i cordes t\u00e8cniques per a una major resist\u00e8ncia, durabilitat i f\u00e0cil manipulaci\u00f3 de cables.\" \/>\n<meta name=\"robots\" content=\"index, follow, max-snippet:-1, max-image-preview:large, max-video-preview:-1\" \/>\n<link rel=\"canonical\" href=\"https:\/\/jgili.com\/ca\/guia-completa-per-a-lus-de-cordons-i-cordes-a-la-industria-de-les-telecomunicacions\/\" \/>\n<meta property=\"og:locale\" content=\"ca_ES\" \/>\n<meta property=\"og:type\" content=\"article\" \/>\n<meta property=\"og:title\" content=\"Cables de comunicaci\u00f3 industrial: \u00fas de cordons i cordes\" \/>\n<meta property=\"og:description\" content=\"Cables de comunicaci\u00f3 industrial millorats amb cordons i cordes t\u00e8cniques per a una major resist\u00e8ncia, durabilitat i f\u00e0cil manipulaci\u00f3 de cables.\" \/>\n<meta property=\"og:url\" content=\"https:\/\/jgili.com\/ca\/guia-completa-per-a-lus-de-cordons-i-cordes-a-la-industria-de-les-telecomunicacions\/\" \/>\n<meta property=\"og:site_name\" content=\"JGILI.com\" \/>\n<meta property=\"article:published_time\" content=\"2025-10-08T02:38:00+00:00\" \/>\n<meta property=\"article:modified_time\" content=\"2025-11-12T11:04:49+00:00\" \/>\n<meta property=\"og:image\" content=\"https:\/\/jgili.com\/wp-content\/uploads\/2025\/11\/applications-in-industrial-communication-cables-1.webp\" \/>\n\t<meta property=\"og:image:width\" content=\"1017\" \/>\n\t<meta property=\"og:image:height\" content=\"629\" \/>\n\t<meta property=\"og:image:type\" content=\"image\/webp\" \/>\n<meta name=\"author\" content=\"Admin\" \/>\n<meta name=\"twitter:card\" content=\"summary_large_image\" \/>\n<meta name=\"twitter:label1\" content=\"Escrit per\" \/>\n\t<meta name=\"twitter:data1\" content=\"Admin\" \/>\n\t<meta name=\"twitter:label2\" content=\"Temps estimat de lectura\" \/>\n\t<meta name=\"twitter:data2\" content=\"4 minuts\" \/>\n<script type=\"application\/ld+json\" class=\"yoast-schema-graph\">{\"@context\":\"https:\\\/\\\/schema.org\",\"@graph\":[{\"@type\":\"Article\",\"@id\":\"https:\\\/\\\/jgili.com\\\/ca\\\/guia-completa-per-a-lus-de-cordons-i-cordes-a-la-industria-de-les-telecomunicacions\\\/#article\",\"isPartOf\":{\"@id\":\"https:\\\/\\\/jgili.com\\\/ca\\\/guia-completa-per-a-lus-de-cordons-i-cordes-a-la-industria-de-les-telecomunicacions\\\/\"},\"author\":{\"name\":\"Admin\",\"@id\":\"https:\\\/\\\/jgili.com\\\/ca\\\/#\\\/schema\\\/person\\\/81eee0acb789fa0b8f9d9287cfbea475\"},\"headline\":\"Guia completa per a l&#8217;\u00fas de cordons i cordes a la ind\u00fastria de les telecomunicacions\",\"datePublished\":\"2025-10-08T02:38:00+00:00\",\"dateModified\":\"2025-11-12T11:04:49+00:00\",\"mainEntityOfPage\":{\"@id\":\"https:\\\/\\\/jgili.com\\\/ca\\\/guia-completa-per-a-lus-de-cordons-i-cordes-a-la-industria-de-les-telecomunicacions\\\/\"},\"wordCount\":844,\"commentCount\":0,\"publisher\":{\"@id\":\"https:\\\/\\\/jgili.com\\\/ca\\\/#organization\"},\"image\":{\"@id\":\"https:\\\/\\\/jgili.com\\\/ca\\\/guia-completa-per-a-lus-de-cordons-i-cordes-a-la-industria-de-les-telecomunicacions\\\/#primaryimage\"},\"thumbnailUrl\":\"https:\\\/\\\/jgili.com\\\/wp-content\\\/uploads\\\/2025\\\/11\\\/applications-in-industrial-communication-cables-1.webp\",\"articleSection\":[\"Blog\"],\"inLanguage\":\"ca\",\"potentialAction\":[{\"@type\":\"CommentAction\",\"name\":\"Comment\",\"target\":[\"https:\\\/\\\/jgili.com\\\/ca\\\/guia-completa-per-a-lus-de-cordons-i-cordes-a-la-industria-de-les-telecomunicacions\\\/#respond\"]}]},{\"@type\":[\"WebPage\",\"FAQPage\"],\"@id\":\"https:\\\/\\\/jgili.com\\\/ca\\\/guia-completa-per-a-lus-de-cordons-i-cordes-a-la-industria-de-les-telecomunicacions\\\/\",\"url\":\"https:\\\/\\\/jgili.com\\\/ca\\\/guia-completa-per-a-lus-de-cordons-i-cordes-a-la-industria-de-les-telecomunicacions\\\/\",\"name\":\"Cables de comunicaci\u00f3 industrial: \u00fas de cordons i cordes\",\"isPartOf\":{\"@id\":\"https:\\\/\\\/jgili.com\\\/ca\\\/#website\"},\"primaryImageOfPage\":{\"@id\":\"https:\\\/\\\/jgili.com\\\/ca\\\/guia-completa-per-a-lus-de-cordons-i-cordes-a-la-industria-de-les-telecomunicacions\\\/#primaryimage\"},\"image\":{\"@id\":\"https:\\\/\\\/jgili.com\\\/ca\\\/guia-completa-per-a-lus-de-cordons-i-cordes-a-la-industria-de-les-telecomunicacions\\\/#primaryimage\"},\"thumbnailUrl\":\"https:\\\/\\\/jgili.com\\\/wp-content\\\/uploads\\\/2025\\\/11\\\/applications-in-industrial-communication-cables-1.webp\",\"datePublished\":\"2025-10-08T02:38:00+00:00\",\"dateModified\":\"2025-11-12T11:04:49+00:00\",\"description\":\"Cables de comunicaci\u00f3 industrial millorats amb cordons i cordes t\u00e8cniques per a una major resist\u00e8ncia, durabilitat i f\u00e0cil manipulaci\u00f3 de cables.\",\"breadcrumb\":{\"@id\":\"https:\\\/\\\/jgili.com\\\/ca\\\/guia-completa-per-a-lus-de-cordons-i-cordes-a-la-industria-de-les-telecomunicacions\\\/#breadcrumb\"},\"mainEntity\":[{\"@id\":\"https:\\\/\\\/jgili.com\\\/ca\\\/guia-completa-per-a-lus-de-cordons-i-cordes-a-la-industria-de-les-telecomunicacions\\\/#faq-question-1762483970886\"},{\"@id\":\"https:\\\/\\\/jgili.com\\\/ca\\\/guia-completa-per-a-lus-de-cordons-i-cordes-a-la-industria-de-les-telecomunicacions\\\/#faq-question-1762484026307\"},{\"@id\":\"https:\\\/\\\/jgili.com\\\/ca\\\/guia-completa-per-a-lus-de-cordons-i-cordes-a-la-industria-de-les-telecomunicacions\\\/#faq-question-1762484050238\"},{\"@id\":\"https:\\\/\\\/jgili.com\\\/ca\\\/guia-completa-per-a-lus-de-cordons-i-cordes-a-la-industria-de-les-telecomunicacions\\\/#faq-question-1762484070971\"},{\"@id\":\"https:\\\/\\\/jgili.com\\\/ca\\\/guia-completa-per-a-lus-de-cordons-i-cordes-a-la-industria-de-les-telecomunicacions\\\/#faq-question-1762484099567\"}],\"inLanguage\":\"ca\",\"potentialAction\":[{\"@type\":\"ReadAction\",\"target\":[\"https:\\\/\\\/jgili.com\\\/ca\\\/guia-completa-per-a-lus-de-cordons-i-cordes-a-la-industria-de-les-telecomunicacions\\\/\"]}]},{\"@type\":\"ImageObject\",\"inLanguage\":\"ca\",\"@id\":\"https:\\\/\\\/jgili.com\\\/ca\\\/guia-completa-per-a-lus-de-cordons-i-cordes-a-la-industria-de-les-telecomunicacions\\\/#primaryimage\",\"url\":\"https:\\\/\\\/jgili.com\\\/wp-content\\\/uploads\\\/2025\\\/11\\\/applications-in-industrial-communication-cables-1.webp\",\"contentUrl\":\"https:\\\/\\\/jgili.com\\\/wp-content\\\/uploads\\\/2025\\\/11\\\/applications-in-industrial-communication-cables-1.webp\",\"width\":1017,\"height\":629,\"caption\":\"applications-in-industrial-communication-cables\"},{\"@type\":\"BreadcrumbList\",\"@id\":\"https:\\\/\\\/jgili.com\\\/ca\\\/guia-completa-per-a-lus-de-cordons-i-cordes-a-la-industria-de-les-telecomunicacions\\\/#breadcrumb\",\"itemListElement\":[{\"@type\":\"ListItem\",\"position\":1,\"name\":\"Home\",\"item\":\"https:\\\/\\\/jgili.com\\\/ca\\\/inici\\\/\"},{\"@type\":\"ListItem\",\"position\":2,\"name\":\"Guia completa per a l&#8217;\u00fas de cordons i cordes a la ind\u00fastria de les telecomunicacions\"}]},{\"@type\":\"WebSite\",\"@id\":\"https:\\\/\\\/jgili.com\\\/ca\\\/#website\",\"url\":\"https:\\\/\\\/jgili.com\\\/ca\\\/\",\"name\":\"JGILI.com\",\"description\":\"TEXTILE SOLUTIONS FOR TECHNICAL APPLICATIONS\",\"publisher\":{\"@id\":\"https:\\\/\\\/jgili.com\\\/ca\\\/#organization\"},\"potentialAction\":[{\"@type\":\"SearchAction\",\"target\":{\"@type\":\"EntryPoint\",\"urlTemplate\":\"https:\\\/\\\/jgili.com\\\/ca\\\/?s={search_term_string}\"},\"query-input\":{\"@type\":\"PropertyValueSpecification\",\"valueRequired\":true,\"valueName\":\"search_term_string\"}}],\"inLanguage\":\"ca\"},{\"@type\":\"Organization\",\"@id\":\"https:\\\/\\\/jgili.com\\\/ca\\\/#organization\",\"name\":\"JGILI.com\",\"url\":\"https:\\\/\\\/jgili.com\\\/ca\\\/\",\"logo\":{\"@type\":\"ImageObject\",\"inLanguage\":\"ca\",\"@id\":\"https:\\\/\\\/jgili.com\\\/ca\\\/#\\\/schema\\\/logo\\\/image\\\/\",\"url\":\"https:\\\/\\\/jgili.com\\\/wp-content\\\/uploads\\\/2021\\\/09\\\/fav_1-1.png\",\"contentUrl\":\"https:\\\/\\\/jgili.com\\\/wp-content\\\/uploads\\\/2021\\\/09\\\/fav_1-1.png\",\"width\":582,\"height\":582,\"caption\":\"JGILI.com\"},\"image\":{\"@id\":\"https:\\\/\\\/jgili.com\\\/ca\\\/#\\\/schema\\\/logo\\\/image\\\/\"},\"sameAs\":[\"https:\\\/\\\/www.linkedin.com\\\/company\\\/juan-gili-s-l\\\/\"]},{\"@type\":\"Person\",\"@id\":\"https:\\\/\\\/jgili.com\\\/ca\\\/#\\\/schema\\\/person\\\/81eee0acb789fa0b8f9d9287cfbea475\",\"name\":\"Admin\",\"image\":{\"@type\":\"ImageObject\",\"inLanguage\":\"ca\",\"@id\":\"https:\\\/\\\/secure.gravatar.com\\\/avatar\\\/4fc8bfdcbcbd62ad2a834387c498485119ecffc2bdc8e7d333571b9d102df898?s=96&d=mm&r=g\",\"url\":\"https:\\\/\\\/secure.gravatar.com\\\/avatar\\\/4fc8bfdcbcbd62ad2a834387c498485119ecffc2bdc8e7d333571b9d102df898?s=96&d=mm&r=g\",\"contentUrl\":\"https:\\\/\\\/secure.gravatar.com\\\/avatar\\\/4fc8bfdcbcbd62ad2a834387c498485119ecffc2bdc8e7d333571b9d102df898?s=96&d=mm&r=g\",\"caption\":\"Admin\"},\"url\":\"https:\\\/\\\/jgili.com\\\/ca\\\/author\\\/admin-2\\\/\"},{\"@type\":\"Question\",\"@id\":\"https:\\\/\\\/jgili.com\\\/ca\\\/guia-completa-per-a-lus-de-cordons-i-cordes-a-la-industria-de-les-telecomunicacions\\\/#faq-question-1762483970886\",\"position\":1,\"url\":\"https:\\\/\\\/jgili.com\\\/ca\\\/guia-completa-per-a-lus-de-cordons-i-cordes-a-la-industria-de-les-telecomunicacions\\\/#faq-question-1762483970886\",\"name\":\"Qu\u00e8 s\u00f3n els cordons i les cordes en els cables de comunicaci\u00f3 industrials?\",\"answerCount\":1,\"acceptedAnswer\":{\"@type\":\"Answer\",\"text\":\"Els cordons i les cordes s\u00f3n components t\u00e8xtils d'alta tenacitat integrats a l'estructura del cable per proporcionar resist\u00e8ncia a la tracci\u00f3, estabilitat interna i suport durant la instal\u00b7laci\u00f3 i l'\u00fas a llarg termini.\",\"inLanguage\":\"ca\"},\"inLanguage\":\"ca\"},{\"@type\":\"Question\",\"@id\":\"https:\\\/\\\/jgili.com\\\/ca\\\/guia-completa-per-a-lus-de-cordons-i-cordes-a-la-industria-de-les-telecomunicacions\\\/#faq-question-1762484026307\",\"position\":2,\"url\":\"https:\\\/\\\/jgili.com\\\/ca\\\/guia-completa-per-a-lus-de-cordons-i-cordes-a-la-industria-de-les-telecomunicacions\\\/#faq-question-1762484026307\",\"name\":\"Per qu\u00e8 s'utilitzen cordons i cordes en lloc de refor\u00e7os met\u00e0l\u00b7lics?\",\"answerCount\":1,\"acceptedAnswer\":{\"@type\":\"Answer\",\"text\":\"Perqu\u00e8 s\u00f3n m\u00e9s lleugers, no conductors, flexibles i resistents a l'abrasi\u00f3 i l'envelliment, cosa que fa que els cables siguin m\u00e9s f\u00e0cils de manipular i m\u00e9s segurs per als sistemes de comunicaci\u00f3 a\u00efllats.\",\"inLanguage\":\"ca\"},\"inLanguage\":\"ca\"},{\"@type\":\"Question\",\"@id\":\"https:\\\/\\\/jgili.com\\\/ca\\\/guia-completa-per-a-lus-de-cordons-i-cordes-a-la-industria-de-les-telecomunicacions\\\/#faq-question-1762484050238\",\"position\":3,\"url\":\"https:\\\/\\\/jgili.com\\\/ca\\\/guia-completa-per-a-lus-de-cordons-i-cordes-a-la-industria-de-les-telecomunicacions\\\/#faq-question-1762484050238\",\"name\":\"Quins materials s'utilitzen en els cordons i les cordes? cordes per a cables industrials?\",\"answerCount\":1,\"acceptedAnswer\":{\"@type\":\"Answer\",\"text\":\"Normalment estan fets d'aramida, poli\u00e8ster d'alta tenacitat, fibra de vidre o fibres hidroexpandibles per a la protecci\u00f3 contra el bloqueig de l'aigua.\",\"inLanguage\":\"ca\"},\"inLanguage\":\"ca\"},{\"@type\":\"Question\",\"@id\":\"https:\\\/\\\/jgili.com\\\/ca\\\/guia-completa-per-a-lus-de-cordons-i-cordes-a-la-industria-de-les-telecomunicacions\\\/#faq-question-1762484070971\",\"position\":4,\"url\":\"https:\\\/\\\/jgili.com\\\/ca\\\/guia-completa-per-a-lus-de-cordons-i-cordes-a-la-industria-de-les-telecomunicacions\\\/#faq-question-1762484070971\",\"name\":\"Com milloren els cordons i les cordes la instal\u00b7laci\u00f3 de cables?\",\"answerCount\":1,\"acceptedAnswer\":{\"@type\":\"Answer\",\"text\":\"Actuen com a elements de tracci\u00f3 que resisteixen l'estr\u00e8s mec\u00e0nic durant el desplegament i redueixen el pes, fent que la instal\u00b7laci\u00f3 sigui m\u00e9s r\u00e0pida i segura.\",\"inLanguage\":\"ca\"},\"inLanguage\":\"ca\"},{\"@type\":\"Question\",\"@id\":\"https:\\\/\\\/jgili.com\\\/ca\\\/guia-completa-per-a-lus-de-cordons-i-cordes-a-la-industria-de-les-telecomunicacions\\\/#faq-question-1762484099567\",\"position\":5,\"url\":\"https:\\\/\\\/jgili.com\\\/ca\\\/guia-completa-per-a-lus-de-cordons-i-cordes-a-la-industria-de-les-telecomunicacions\\\/#faq-question-1762484099567\",\"name\":\"Qu\u00e8 \u00e9s un cord\u00f3 de ruptura en un cable de comunicaci\u00f3?\",\"answerCount\":1,\"acceptedAnswer\":{\"@type\":\"Answer\",\"text\":\"Un cord\u00f3 de ruptura \u00e9s un cord\u00f3 que permet als t\u00e8cnics obrir la funda del cable f\u00e0cilment sense danyar els conductors interns, millorant l'efici\u00e8ncia del manteniment.\",\"inLanguage\":\"ca\"},\"inLanguage\":\"ca\"}]}<\/script>\n<!-- \/ Yoast SEO plugin. -->","yoast_head_json":{"title":"Cables de comunicaci\u00f3 industrial: \u00fas de cordons i cordes","description":"Cables de comunicaci\u00f3 industrial millorats amb cordons i cordes t\u00e8cniques per a una major resist\u00e8ncia, durabilitat i f\u00e0cil manipulaci\u00f3 de cables.","robots":{"index":"index","follow":"follow","max-snippet":"max-snippet:-1","max-image-preview":"max-image-preview:large","max-video-preview":"max-video-preview:-1"},"canonical":"https:\/\/jgili.com\/ca\/guia-completa-per-a-lus-de-cordons-i-cordes-a-la-industria-de-les-telecomunicacions\/","og_locale":"ca_ES","og_type":"article","og_title":"Cables de comunicaci\u00f3 industrial: \u00fas de cordons i cordes","og_description":"Cables de comunicaci\u00f3 industrial millorats amb cordons i cordes t\u00e8cniques per a una major resist\u00e8ncia, durabilitat i f\u00e0cil manipulaci\u00f3 de cables.","og_url":"https:\/\/jgili.com\/ca\/guia-completa-per-a-lus-de-cordons-i-cordes-a-la-industria-de-les-telecomunicacions\/","og_site_name":"JGILI.com","article_published_time":"2025-10-08T02:38:00+00:00","article_modified_time":"2025-11-12T11:04:49+00:00","og_image":[{"width":1017,"height":629,"url":"https:\/\/jgili.com\/wp-content\/uploads\/2025\/11\/applications-in-industrial-communication-cables-1.webp","type":"image\/webp"}],"author":"Admin","twitter_card":"summary_large_image","twitter_misc":{"Escrit per":"Admin","Temps estimat de lectura":"4 minuts"},"schema":{"@context":"https:\/\/schema.org","@graph":[{"@type":"Article","@id":"https:\/\/jgili.com\/ca\/guia-completa-per-a-lus-de-cordons-i-cordes-a-la-industria-de-les-telecomunicacions\/#article","isPartOf":{"@id":"https:\/\/jgili.com\/ca\/guia-completa-per-a-lus-de-cordons-i-cordes-a-la-industria-de-les-telecomunicacions\/"},"author":{"name":"Admin","@id":"https:\/\/jgili.com\/ca\/#\/schema\/person\/81eee0acb789fa0b8f9d9287cfbea475"},"headline":"Guia completa per a l&#8217;\u00fas de cordons i cordes a la ind\u00fastria de les telecomunicacions","datePublished":"2025-10-08T02:38:00+00:00","dateModified":"2025-11-12T11:04:49+00:00","mainEntityOfPage":{"@id":"https:\/\/jgili.com\/ca\/guia-completa-per-a-lus-de-cordons-i-cordes-a-la-industria-de-les-telecomunicacions\/"},"wordCount":844,"commentCount":0,"publisher":{"@id":"https:\/\/jgili.com\/ca\/#organization"},"image":{"@id":"https:\/\/jgili.com\/ca\/guia-completa-per-a-lus-de-cordons-i-cordes-a-la-industria-de-les-telecomunicacions\/#primaryimage"},"thumbnailUrl":"https:\/\/jgili.com\/wp-content\/uploads\/2025\/11\/applications-in-industrial-communication-cables-1.webp","articleSection":["Blog"],"inLanguage":"ca","potentialAction":[{"@type":"CommentAction","name":"Comment","target":["https:\/\/jgili.com\/ca\/guia-completa-per-a-lus-de-cordons-i-cordes-a-la-industria-de-les-telecomunicacions\/#respond"]}]},{"@type":["WebPage","FAQPage"],"@id":"https:\/\/jgili.com\/ca\/guia-completa-per-a-lus-de-cordons-i-cordes-a-la-industria-de-les-telecomunicacions\/","url":"https:\/\/jgili.com\/ca\/guia-completa-per-a-lus-de-cordons-i-cordes-a-la-industria-de-les-telecomunicacions\/","name":"Cables de comunicaci\u00f3 industrial: \u00fas de cordons i cordes","isPartOf":{"@id":"https:\/\/jgili.com\/ca\/#website"},"primaryImageOfPage":{"@id":"https:\/\/jgili.com\/ca\/guia-completa-per-a-lus-de-cordons-i-cordes-a-la-industria-de-les-telecomunicacions\/#primaryimage"},"image":{"@id":"https:\/\/jgili.com\/ca\/guia-completa-per-a-lus-de-cordons-i-cordes-a-la-industria-de-les-telecomunicacions\/#primaryimage"},"thumbnailUrl":"https:\/\/jgili.com\/wp-content\/uploads\/2025\/11\/applications-in-industrial-communication-cables-1.webp","datePublished":"2025-10-08T02:38:00+00:00","dateModified":"2025-11-12T11:04:49+00:00","description":"Cables de comunicaci\u00f3 industrial millorats amb cordons i cordes t\u00e8cniques per a una major resist\u00e8ncia, durabilitat i f\u00e0cil manipulaci\u00f3 de cables.","breadcrumb":{"@id":"https:\/\/jgili.com\/ca\/guia-completa-per-a-lus-de-cordons-i-cordes-a-la-industria-de-les-telecomunicacions\/#breadcrumb"},"mainEntity":[{"@id":"https:\/\/jgili.com\/ca\/guia-completa-per-a-lus-de-cordons-i-cordes-a-la-industria-de-les-telecomunicacions\/#faq-question-1762483970886"},{"@id":"https:\/\/jgili.com\/ca\/guia-completa-per-a-lus-de-cordons-i-cordes-a-la-industria-de-les-telecomunicacions\/#faq-question-1762484026307"},{"@id":"https:\/\/jgili.com\/ca\/guia-completa-per-a-lus-de-cordons-i-cordes-a-la-industria-de-les-telecomunicacions\/#faq-question-1762484050238"},{"@id":"https:\/\/jgili.com\/ca\/guia-completa-per-a-lus-de-cordons-i-cordes-a-la-industria-de-les-telecomunicacions\/#faq-question-1762484070971"},{"@id":"https:\/\/jgili.com\/ca\/guia-completa-per-a-lus-de-cordons-i-cordes-a-la-industria-de-les-telecomunicacions\/#faq-question-1762484099567"}],"inLanguage":"ca","potentialAction":[{"@type":"ReadAction","target":["https:\/\/jgili.com\/ca\/guia-completa-per-a-lus-de-cordons-i-cordes-a-la-industria-de-les-telecomunicacions\/"]}]},{"@type":"ImageObject","inLanguage":"ca","@id":"https:\/\/jgili.com\/ca\/guia-completa-per-a-lus-de-cordons-i-cordes-a-la-industria-de-les-telecomunicacions\/#primaryimage","url":"https:\/\/jgili.com\/wp-content\/uploads\/2025\/11\/applications-in-industrial-communication-cables-1.webp","contentUrl":"https:\/\/jgili.com\/wp-content\/uploads\/2025\/11\/applications-in-industrial-communication-cables-1.webp","width":1017,"height":629,"caption":"applications-in-industrial-communication-cables"},{"@type":"BreadcrumbList","@id":"https:\/\/jgili.com\/ca\/guia-completa-per-a-lus-de-cordons-i-cordes-a-la-industria-de-les-telecomunicacions\/#breadcrumb","itemListElement":[{"@type":"ListItem","position":1,"name":"Home","item":"https:\/\/jgili.com\/ca\/inici\/"},{"@type":"ListItem","position":2,"name":"Guia completa per a l&#8217;\u00fas de cordons i cordes a la ind\u00fastria de les telecomunicacions"}]},{"@type":"WebSite","@id":"https:\/\/jgili.com\/ca\/#website","url":"https:\/\/jgili.com\/ca\/","name":"JGILI.com","description":"TEXTILE SOLUTIONS FOR TECHNICAL APPLICATIONS","publisher":{"@id":"https:\/\/jgili.com\/ca\/#organization"},"potentialAction":[{"@type":"SearchAction","target":{"@type":"EntryPoint","urlTemplate":"https:\/\/jgili.com\/ca\/?s={search_term_string}"},"query-input":{"@type":"PropertyValueSpecification","valueRequired":true,"valueName":"search_term_string"}}],"inLanguage":"ca"},{"@type":"Organization","@id":"https:\/\/jgili.com\/ca\/#organization","name":"JGILI.com","url":"https:\/\/jgili.com\/ca\/","logo":{"@type":"ImageObject","inLanguage":"ca","@id":"https:\/\/jgili.com\/ca\/#\/schema\/logo\/image\/","url":"https:\/\/jgili.com\/wp-content\/uploads\/2021\/09\/fav_1-1.png","contentUrl":"https:\/\/jgili.com\/wp-content\/uploads\/2021\/09\/fav_1-1.png","width":582,"height":582,"caption":"JGILI.com"},"image":{"@id":"https:\/\/jgili.com\/ca\/#\/schema\/logo\/image\/"},"sameAs":["https:\/\/www.linkedin.com\/company\/juan-gili-s-l\/"]},{"@type":"Person","@id":"https:\/\/jgili.com\/ca\/#\/schema\/person\/81eee0acb789fa0b8f9d9287cfbea475","name":"Admin","image":{"@type":"ImageObject","inLanguage":"ca","@id":"https:\/\/secure.gravatar.com\/avatar\/4fc8bfdcbcbd62ad2a834387c498485119ecffc2bdc8e7d333571b9d102df898?s=96&d=mm&r=g","url":"https:\/\/secure.gravatar.com\/avatar\/4fc8bfdcbcbd62ad2a834387c498485119ecffc2bdc8e7d333571b9d102df898?s=96&d=mm&r=g","contentUrl":"https:\/\/secure.gravatar.com\/avatar\/4fc8bfdcbcbd62ad2a834387c498485119ecffc2bdc8e7d333571b9d102df898?s=96&d=mm&r=g","caption":"Admin"},"url":"https:\/\/jgili.com\/ca\/author\/admin-2\/"},{"@type":"Question","@id":"https:\/\/jgili.com\/ca\/guia-completa-per-a-lus-de-cordons-i-cordes-a-la-industria-de-les-telecomunicacions\/#faq-question-1762483970886","position":1,"url":"https:\/\/jgili.com\/ca\/guia-completa-per-a-lus-de-cordons-i-cordes-a-la-industria-de-les-telecomunicacions\/#faq-question-1762483970886","name":"Qu\u00e8 s\u00f3n els cordons i les cordes en els cables de comunicaci\u00f3 industrials?","answerCount":1,"acceptedAnswer":{"@type":"Answer","text":"Els cordons i les cordes s\u00f3n components t\u00e8xtils d'alta tenacitat integrats a l'estructura del cable per proporcionar resist\u00e8ncia a la tracci\u00f3, estabilitat interna i suport durant la instal\u00b7laci\u00f3 i l'\u00fas a llarg termini.","inLanguage":"ca"},"inLanguage":"ca"},{"@type":"Question","@id":"https:\/\/jgili.com\/ca\/guia-completa-per-a-lus-de-cordons-i-cordes-a-la-industria-de-les-telecomunicacions\/#faq-question-1762484026307","position":2,"url":"https:\/\/jgili.com\/ca\/guia-completa-per-a-lus-de-cordons-i-cordes-a-la-industria-de-les-telecomunicacions\/#faq-question-1762484026307","name":"Per qu\u00e8 s'utilitzen cordons i cordes en lloc de refor\u00e7os met\u00e0l\u00b7lics?","answerCount":1,"acceptedAnswer":{"@type":"Answer","text":"Perqu\u00e8 s\u00f3n m\u00e9s lleugers, no conductors, flexibles i resistents a l'abrasi\u00f3 i l'envelliment, cosa que fa que els cables siguin m\u00e9s f\u00e0cils de manipular i m\u00e9s segurs per als sistemes de comunicaci\u00f3 a\u00efllats.","inLanguage":"ca"},"inLanguage":"ca"},{"@type":"Question","@id":"https:\/\/jgili.com\/ca\/guia-completa-per-a-lus-de-cordons-i-cordes-a-la-industria-de-les-telecomunicacions\/#faq-question-1762484050238","position":3,"url":"https:\/\/jgili.com\/ca\/guia-completa-per-a-lus-de-cordons-i-cordes-a-la-industria-de-les-telecomunicacions\/#faq-question-1762484050238","name":"Quins materials s'utilitzen en els cordons i les cordes? cordes per a cables industrials?","answerCount":1,"acceptedAnswer":{"@type":"Answer","text":"Normalment estan fets d'aramida, poli\u00e8ster d'alta tenacitat, fibra de vidre o fibres hidroexpandibles per a la protecci\u00f3 contra el bloqueig de l'aigua.","inLanguage":"ca"},"inLanguage":"ca"},{"@type":"Question","@id":"https:\/\/jgili.com\/ca\/guia-completa-per-a-lus-de-cordons-i-cordes-a-la-industria-de-les-telecomunicacions\/#faq-question-1762484070971","position":4,"url":"https:\/\/jgili.com\/ca\/guia-completa-per-a-lus-de-cordons-i-cordes-a-la-industria-de-les-telecomunicacions\/#faq-question-1762484070971","name":"Com milloren els cordons i les cordes la instal\u00b7laci\u00f3 de cables?","answerCount":1,"acceptedAnswer":{"@type":"Answer","text":"Actuen com a elements de tracci\u00f3 que resisteixen l'estr\u00e8s mec\u00e0nic durant el desplegament i redueixen el pes, fent que la instal\u00b7laci\u00f3 sigui m\u00e9s r\u00e0pida i segura.","inLanguage":"ca"},"inLanguage":"ca"},{"@type":"Question","@id":"https:\/\/jgili.com\/ca\/guia-completa-per-a-lus-de-cordons-i-cordes-a-la-industria-de-les-telecomunicacions\/#faq-question-1762484099567","position":5,"url":"https:\/\/jgili.com\/ca\/guia-completa-per-a-lus-de-cordons-i-cordes-a-la-industria-de-les-telecomunicacions\/#faq-question-1762484099567","name":"Qu\u00e8 \u00e9s un cord\u00f3 de ruptura en un cable de comunicaci\u00f3?","answerCount":1,"acceptedAnswer":{"@type":"Answer","text":"Un cord\u00f3 de ruptura \u00e9s un cord\u00f3 que permet als t\u00e8cnics obrir la funda del cable f\u00e0cilment sense danyar els conductors interns, millorant l'efici\u00e8ncia del manteniment.","inLanguage":"ca"},"inLanguage":"ca"}]}},"_links":{"self":[{"href":"https:\/\/jgili.com\/ca\/wp-json\/wp\/v2\/posts\/22980","targetHints":{"allow":["GET"]}}],"collection":[{"href":"https:\/\/jgili.com\/ca\/wp-json\/wp\/v2\/posts"}],"about":[{"href":"https:\/\/jgili.com\/ca\/wp-json\/wp\/v2\/types\/post"}],"author":[{"embeddable":true,"href":"https:\/\/jgili.com\/ca\/wp-json\/wp\/v2\/users\/2"}],"replies":[{"embeddable":true,"href":"https:\/\/jgili.com\/ca\/wp-json\/wp\/v2\/comments?post=22980"}],"version-history":[{"count":1,"href":"https:\/\/jgili.com\/ca\/wp-json\/wp\/v2\/posts\/22980\/revisions"}],"predecessor-version":[{"id":22981,"href":"https:\/\/jgili.com\/ca\/wp-json\/wp\/v2\/posts\/22980\/revisions\/22981"}],"wp:featuredmedia":[{"embeddable":true,"href":"https:\/\/jgili.com\/ca\/wp-json\/wp\/v2\/media\/22976"}],"wp:attachment":[{"href":"https:\/\/jgili.com\/ca\/wp-json\/wp\/v2\/media?parent=22980"}],"wp:term":[{"taxonomy":"category","embeddable":true,"href":"https:\/\/jgili.com\/ca\/wp-json\/wp\/v2\/categories?post=22980"},{"taxonomy":"post_tag","embeddable":true,"href":"https:\/\/jgili.com\/ca\/wp-json\/wp\/v2\/tags?post=22980"}],"curies":[{"name":"wp","href":"https:\/\/api.w.org\/{rel}","templated":true}]}}